{"id":150038,"date":"2019-07-31T23:29:44","date_gmt":"2019-08-01T01:29:44","guid":{"rendered":"http:\/\/aconteceunovale.com.br\/portal\/?p=150038"},"modified":"2019-07-31T23:29:44","modified_gmt":"2019-08-01T01:29:44","slug":"valadarense-morre-vitima-de-acidente-de-trabalho-nos-estados-unidos","status":"publish","type":"post","link":"https:\/\/aconteceunovale.com.br\/portal\/?p=150038","title":{"rendered":"Valadarense morre v\u00edtima de acidente de trabalho nos Estados Unidos"},"content":{"rendered":"<p>Uma fatalidade resultou na morte do chefe de obras Jos\u00e9 Martins, de 57 anos, nessa ter\u00e7a-feira (30\/07\/2019), na cidade de Averne, Queens, em Nova York. Ele era natural de Governador Valadares e residia em Warren, na regi\u00e3o de Nova Jersey.<br \/>\n<center><br \/>\n<!-- Erro, o An\u00fancio n\u00e3o est\u00e1 dispon\u00edvel neste momento devido \u00e0s restri\u00e7\u00f5es de agendamento\/geolocaliza\u00e7\u00e3o! --><br \/>\n<\/br><br \/>\n<\/center><br \/>\nJos\u00e9 Martins trabalhava em uma constru\u00e7\u00e3o quando uma parede desabou e caiu sobre o ele. O resgate foi acionado e levou a v\u00edtima inconsciente ao hospital S\u00e3o John\u2019s Episcopal, onde faleceu.<\/p>\n<p>O Departamento de Pol\u00edcia de Nova York investigar\u00e1 o acidente e a causa da morte.<\/p>\n<p>Jos\u00e9 Martins migrou para os Estados Unidos no in\u00edcio da D\u00e9cada de 80. H\u00e1 menos de um ano ele tinha se tornado av\u00f4 e planejava se aposentar para poder ficar mais pr\u00f3ximo da fam\u00edlia.<\/p>\n<p><img decoding=\"async\" src=\"http:\/\/aconteceunovale.com.br\/portal\/wp-content\/uploads\/2019\/07\/vitima_gv_eua.jpg\" alt=\"\" \/><em>Jos\u00e9 Martins &#8211; Foto: Reprodu\u00e7\u00e3o\/WhatsApp<\/em><br \/>\n<\/br><\/p>\n<p><em>Leandro Silva | Aconteceu no Vale<br \/>\nPublicado em: 31\/07\/2019, \u00e0s 22h29<\/em><\/p>\n<p><strong>VER PRIMEIRO<\/strong><\/p>\n<p>Receba as not\u00edcias do Aconteceu no Vale em primeira m\u00e3o. Clique em curtir no endere\u00e7o <a href=\"https:\/\/www.facebook.com\/aconteceunovale\" target=\"_blank\"><font color=\"red\">www.facebook.com\/aconteceunovale<\/font><\/a> ou no box abaixo:<\/p>\n<div class=\"fb-like\" data-href=\"https:\/\/www.facebook.com\/aconteceunovale\" data-width=\"120\" data-layout=\"standard\" data-action=\"like\" data-size=\"small\" data-show-faces=\"true\" data-share=\"true\"><\/div>\n<p><!-- Erro, o An\u00fancio n\u00e3o est\u00e1 dispon\u00edvel neste momento devido \u00e0s restri\u00e7\u00f5es de agendamento\/geolocaliza\u00e7\u00e3o! --><br \/>\n<\/br><\/p>\n","protected":false},"excerpt":{"rendered":"<p>Uma fatalidade resultou na morte do chefe de obras Jos\u00e9 Martins, de 57 anos, nessa ter\u00e7a-feira (30\/07\/2019), na cidade de Averne, Queens, em Nova York. Ele era natural de Governador Valadares e residia em Warren, na regi\u00e3o de Nova Jersey. Jos\u00e9 Martins trabalhava em uma constru\u00e7\u00e3o quando uma parede desabou e caiu sobre o ele. [&hellip;]<\/p>\n","protected":false},"author":1,"featured_media":150039,"comment_status":"open","ping_status":"closed","sticky":false,"template":"","format":"standard","meta":{"amp_status":"","footnotes":""},"categories":[121],"tags":[15469,50315,247,204253,204251,204252,204250],"class_list":["post-150038","post","type-post","status-publish","format-standard","has-post-thumbnail","hentry","category-leste","tag-estados-unidos","tag-eua","tag-governador-valadares","tag-jose-martins","tag-morte-de-valadarense-nos-estados-unidos","tag-morte-de-valadarense-nos-eua","tag-valadarense-morre-vitima-de-acidente-de-trabalho-nos-estados-unidos"],"_links":{"self":[{"href":"https:\/\/aconteceunovale.com.br\/portal\/index.php?rest_route=\/wp\/v2\/posts\/150038","targetHints":{"allow":["GET"]}}],"collection":[{"href":"https:\/\/aconteceunovale.com.br\/portal\/index.php?rest_route=\/wp\/v2\/posts"}],"about":[{"href":"https:\/\/aconteceunovale.com.br\/portal\/index.php?rest_route=\/wp\/v2\/types\/post"}],"author":[{"embeddable":true,"href":"https:\/\/aconteceunovale.com.br\/portal\/index.php?rest_route=\/wp\/v2\/users\/1"}],"replies":[{"embeddable":true,"href":"https:\/\/aconteceunovale.com.br\/portal\/index.php?rest_route=%2Fwp%2Fv2%2Fcomments&post=150038"}],"version-history":[{"count":0,"href":"https:\/\/aconteceunovale.com.br\/portal\/index.php?rest_route=\/wp\/v2\/posts\/150038\/revisions"}],"wp:featuredmedia":[{"embeddable":true,"href":"https:\/\/aconteceunovale.com.br\/portal\/index.php?rest_route=\/wp\/v2\/media\/150039"}],"wp:attachment":[{"href":"https:\/\/aconteceunovale.com.br\/portal\/index.php?rest_route=%2Fwp%2Fv2%2Fmedia&parent=150038"}],"wp:term":[{"taxonomy":"category","embeddable":true,"href":"https:\/\/aconteceunovale.com.br\/portal\/index.php?rest_route=%2Fwp%2Fv2%2Fcategories&post=150038"},{"taxonomy":"post_tag","embeddable":true,"href":"https:\/\/aconteceunovale.com.br\/portal\/index.php?rest_route=%2Fwp%2Fv2%2Ftags&post=150038"}],"curies":[{"name":"wp","href":"https:\/\/api.w.org\/{rel}","templated":true}]}}