{"id":150034,"date":"2019-07-31T23:21:06","date_gmt":"2019-08-01T01:21:06","guid":{"rendered":"http:\/\/aconteceunovale.com.br\/portal\/?p=150034"},"modified":"2019-07-31T23:21:06","modified_gmt":"2019-08-01T01:21:06","slug":"capotamento-de-caminhao-deixa-um-morto-no-municipio-de-pedra-azul-no-vale-do-jequitinhonha","status":"publish","type":"post","link":"https:\/\/aconteceunovale.com.br\/portal\/?p=150034","title":{"rendered":"Capotamento de caminh\u00e3o deixa um morto no munic\u00edpio de Pedra Azul, no Vale do Jequitinhonha"},"content":{"rendered":"<p>A pol\u00edcia investiga as causas de um grave acidente que matou Trancoso Souza Santos, de 46 anos, na noite de segunda-feira (29\/07\/2019) na BR-251, no munic\u00edpio de Pedra Azul, no Vale do Jequitinhonha. Motoristas que passavam pela rodovia perceberam a ilumina\u00e7\u00e3o de um ve\u00edculo em meio a uma \u00e1rea de pastagem \u00e0s margens da pista e, ao notarem que era um capotamento envolvendo um caminh\u00e3o-pipa, acionaram o resgate. <\/p>\n<p>Uma equipe do Servi\u00e7o de Atendimento M\u00f3vel de Urg\u00eancia (SAMU) esteve no local e constatou o \u00f3bito do homem, que ficou preso \u00e0s ferragens. O corpo foi desencarcerado e encaminhado ao Instituto M\u00e9dico Legal (IML).<\/p>\n<p><img decoding=\"async\" src=\"http:\/\/aconteceunovale.com.br\/portal\/wp-content\/uploads\/2019\/07\/acidente_pedra_azul_1.jpg\" alt=\"\" \/><em>Foto: Reprodu\u00e7\u00e3o\/WhatsApp<\/em><br \/>\n<\/br><\/p>\n<p><img decoding=\"async\" src=\"http:\/\/aconteceunovale.com.br\/portal\/wp-content\/uploads\/2019\/07\/acidente_pedra_azul_2.jpg\" alt=\"\" \/><em>Foto: Reprodu\u00e7\u00e3o\/WhatsApp<\/em><br \/>\n<\/br><\/p>\n<p><em>Leandro Silva | Aconteceu no Vale<br \/>\nPublicado em: 31\/07\/2019, \u00e0s 22h20<\/em><\/p>\n<p><strong>VER PRIMEIRO<\/strong><\/p>\n<p>Receba as not\u00edcias do Aconteceu no Vale em primeira m\u00e3o. Clique em curtir no endere\u00e7o <a href=\"https:\/\/www.facebook.com\/aconteceunovale\" target=\"_blank\"><font color=\"red\">www.facebook.com\/aconteceunovale<\/font><\/a> ou no box abaixo:<\/p>\n<div class=\"fb-like\" data-href=\"https:\/\/www.facebook.com\/aconteceunovale\" data-width=\"120\" data-layout=\"standard\" data-action=\"like\" data-size=\"small\" data-show-faces=\"true\" data-share=\"true\"><\/div>\n<p><!-- Erro, o An\u00fancio n\u00e3o est\u00e1 dispon\u00edvel neste momento devido \u00e0s restri\u00e7\u00f5es de agendamento\/geolocaliza\u00e7\u00e3o! --><br \/>\n<\/br><\/p>\n","protected":false},"excerpt":{"rendered":"<p>A pol\u00edcia investiga as causas de um grave acidente que matou Trancoso Souza Santos, de 46 anos, na noite de segunda-feira (29\/07\/2019) na BR-251, no munic\u00edpio de Pedra Azul, no Vale do Jequitinhonha. Motoristas que passavam pela rodovia perceberam a ilumina\u00e7\u00e3o de um ve\u00edculo em meio a uma \u00e1rea de pastagem \u00e0s margens da pista [&hellip;]<\/p>\n","protected":false},"author":1,"featured_media":150035,"comment_status":"open","ping_status":"closed","sticky":false,"template":"","format":"standard","meta":{"amp_status":"","footnotes":""},"categories":[120],"tags":[189816,44768,204246,204247,204248,541,455,204249],"class_list":["post-150034","post","type-post","status-publish","format-standard","has-post-thumbnail","hentry","category-jequi","tag-acidente-com-caminhao-em-pedra-azul","tag-acidente-em-pedra-azul","tag-capotamento-de-caminhao-deixa-um-morto-no-municipio-de-pedra-azul","tag-capotamento-de-caminhao-deixa-um-morto-no-municipio-de-pedra-azul-no-vale-do-jequitinhonha","tag-capotamento-de-caminhao-em-pedra-azul","tag-no-vale-do-jequitinhonha","tag-pedra-azul","tag-trancoso-souza-santos"],"_links":{"self":[{"href":"https:\/\/aconteceunovale.com.br\/portal\/index.php?rest_route=\/wp\/v2\/posts\/150034","targetHints":{"allow":["GET"]}}],"collection":[{"href":"https:\/\/aconteceunovale.com.br\/portal\/index.php?rest_route=\/wp\/v2\/posts"}],"about":[{"href":"https:\/\/aconteceunovale.com.br\/portal\/index.php?rest_route=\/wp\/v2\/types\/post"}],"author":[{"embeddable":true,"href":"https:\/\/aconteceunovale.com.br\/portal\/index.php?rest_route=\/wp\/v2\/users\/1"}],"replies":[{"embeddable":true,"href":"https:\/\/aconteceunovale.com.br\/portal\/index.php?rest_route=%2Fwp%2Fv2%2Fcomments&post=150034"}],"version-history":[{"count":0,"href":"https:\/\/aconteceunovale.com.br\/portal\/index.php?rest_route=\/wp\/v2\/posts\/150034\/revisions"}],"wp:featuredmedia":[{"embeddable":true,"href":"https:\/\/aconteceunovale.com.br\/portal\/index.php?rest_route=\/wp\/v2\/media\/150035"}],"wp:attachment":[{"href":"https:\/\/aconteceunovale.com.br\/portal\/index.php?rest_route=%2Fwp%2Fv2%2Fmedia&parent=150034"}],"wp:term":[{"taxonomy":"category","embeddable":true,"href":"https:\/\/aconteceunovale.com.br\/portal\/index.php?rest_route=%2Fwp%2Fv2%2Fcategories&post=150034"},{"taxonomy":"post_tag","embeddable":true,"href":"https:\/\/aconteceunovale.com.br\/portal\/index.php?rest_route=%2Fwp%2Fv2%2Ftags&post=150034"}],"curies":[{"name":"wp","href":"https:\/\/api.w.org\/{rel}","templated":true}]}}