{"id":150032,"date":"2019-07-31T23:02:55","date_gmt":"2019-08-01T01:02:55","guid":{"rendered":"http:\/\/aconteceunovale.com.br\/portal\/?p=150032"},"modified":"2019-07-31T23:02:55","modified_gmt":"2019-08-01T01:02:55","slug":"policia-federal-deflagra-no-leste-de-minas-operacao-para-combater-emigracao-ilegal","status":"publish","type":"post","link":"https:\/\/aconteceunovale.com.br\/portal\/?p=150032","title":{"rendered":"Pol\u00edcia Federal deflagra no Leste de Minas opera\u00e7\u00e3o para combater emigra\u00e7\u00e3o ilegal"},"content":{"rendered":"<p>Na manh\u00e3 desta quarta-feira, 31\/07\/2019, a Pol\u00edcia Federal deflagrou a Opera\u00e7\u00e3o \u201cCAI CAI\u201d, para combater a pr\u00e1tica de emigra\u00e7\u00e3o ilegal de brasileiros para os Estados Unidos da Am\u00e9rica, via territ\u00f3rio mexicano.<br \/>\n<center><br \/>\n<!-- Erro, o An\u00fancio n\u00e3o est\u00e1 dispon\u00edvel neste momento devido \u00e0s restri\u00e7\u00f5es de agendamento\/geolocaliza\u00e7\u00e3o! --><br \/>\n<\/br><br \/>\n<\/center><br \/>\nForam cumpridos dois mandados judiciais de pris\u00e3o preventiva e quatro mandados judiciais de busca e apreens\u00e3o; todos expedidos pela Justi\u00e7a Federal em Governador Valadares.<\/p>\n<p>Tr\u00eas mandados de busca e apreens\u00e3o e um de pris\u00e3o preventiva foram cumpridos em Tarumirim\/MG; e um mandado de busca e apreens\u00e3o e um de pris\u00e3o preventiva foram cumpridos em Sardo\u00e1\/MG. <\/p>\n<p>Foram apreendidos documentos diversos, aparelhos celulares, ve\u00edculos e moedas nacional e estrangeira.<\/p>\n<p>As investiga\u00e7\u00f5es tiveram in\u00edcio neste m\u00eas, com base em informa\u00e7\u00f5es recebidas da adid\u00e2ncia da Pol\u00edcia Federal que atua no M\u00e9xico. Os investigados responder\u00e3o, na medida de sua culpabilidade, pelos crimes de promo\u00e7\u00e3o de migra\u00e7\u00e3o ilegal e associa\u00e7\u00e3o criminosa; podendo cumprir at\u00e9 nove anos e meio de pris\u00e3o, caso sejam condenados.<\/p>\n<p>O nome \u201cCAI CAI\u201d faz refer\u00eancia ao modus operandi dos envolvidos. Cada adulto ingressava ilegalmente nos Estados Unidos da Am\u00e9rica acompanhado de crian\u00e7a ou adolescente, buscando evitar a deporta\u00e7\u00e3o imediata.<\/p>\n<p><strong>VER PRIMEIRO<\/strong><\/p>\n<p>Receba as not\u00edcias do Aconteceu no Vale em primeira m\u00e3o. Clique em curtir no endere\u00e7o <a href=\"https:\/\/www.facebook.com\/aconteceunovale\" target=\"_blank\"><font color=\"red\">www.facebook.com\/aconteceunovale<\/font><\/a> ou no box abaixo:<\/p>\n<div class=\"fb-like\" data-href=\"https:\/\/www.facebook.com\/aconteceunovale\" data-width=\"120\" data-layout=\"standard\" data-action=\"like\" data-size=\"small\" data-show-faces=\"true\" data-share=\"true\"><\/div>\n<p><!-- Erro, o An\u00fancio n\u00e3o est\u00e1 dispon\u00edvel neste momento devido \u00e0s restri\u00e7\u00f5es de agendamento\/geolocaliza\u00e7\u00e3o! --><br \/>\n<\/br><\/p>\n<p><em>(Fonte: PF)<\/em><\/p>\n","protected":false},"excerpt":{"rendered":"<p>Na manh\u00e3 desta quarta-feira, 31\/07\/2019, a Pol\u00edcia Federal deflagrou a Opera\u00e7\u00e3o \u201cCAI CAI\u201d, para combater a pr\u00e1tica de emigra\u00e7\u00e3o ilegal de brasileiros para os Estados Unidos da Am\u00e9rica, via territ\u00f3rio mexicano. Foram cumpridos dois mandados judiciais de pris\u00e3o preventiva e quatro mandados judiciais de busca e apreens\u00e3o; todos expedidos pela Justi\u00e7a Federal em Governador Valadares. [&hellip;]<\/p>\n","protected":false},"author":1,"featured_media":36644,"comment_status":"open","ping_status":"closed","sticky":false,"template":"","format":"standard","meta":{"amp_status":"","footnotes":""},"categories":[121,28848],"tags":[1018,204244,204245,247,50247,204242,204243,20966,772,204241,325,329],"class_list":["post-150032","post","type-post","status-publish","format-standard","has-post-thumbnail","hentry","category-leste","category-mundo","tag-destaque","tag-emigracao-ilegal-de-brasileiros-para-os-estados-unidos","tag-emigracao-ilegal-de-brasileiros-para-os-eua","tag-governador-valadares","tag-justica-federal-em-governador-valadares","tag-operacao-cai-cai","tag-operacao-cai-cai-em-governador-valadares","tag-pf","tag-policia-federal","tag-policia-federal-deflagra-no-leste-de-minas-operacao-para-combater-emigracao-ilegal","tag-sardoa","tag-tarumirim"],"_links":{"self":[{"href":"https:\/\/aconteceunovale.com.br\/portal\/index.php?rest_route=\/wp\/v2\/posts\/150032","targetHints":{"allow":["GET"]}}],"collection":[{"href":"https:\/\/aconteceunovale.com.br\/portal\/index.php?rest_route=\/wp\/v2\/posts"}],"about":[{"href":"https:\/\/aconteceunovale.com.br\/portal\/index.php?rest_route=\/wp\/v2\/types\/post"}],"author":[{"embeddable":true,"href":"https:\/\/aconteceunovale.com.br\/portal\/index.php?rest_route=\/wp\/v2\/users\/1"}],"replies":[{"embeddable":true,"href":"https:\/\/aconteceunovale.com.br\/portal\/index.php?rest_route=%2Fwp%2Fv2%2Fcomments&post=150032"}],"version-history":[{"count":0,"href":"https:\/\/aconteceunovale.com.br\/portal\/index.php?rest_route=\/wp\/v2\/posts\/150032\/revisions"}],"wp:featuredmedia":[{"embeddable":true,"href":"https:\/\/aconteceunovale.com.br\/portal\/index.php?rest_route=\/wp\/v2\/media\/36644"}],"wp:attachment":[{"href":"https:\/\/aconteceunovale.com.br\/portal\/index.php?rest_route=%2Fwp%2Fv2%2Fmedia&parent=150032"}],"wp:term":[{"taxonomy":"category","embeddable":true,"href":"https:\/\/aconteceunovale.com.br\/portal\/index.php?rest_route=%2Fwp%2Fv2%2Fcategories&post=150032"},{"taxonomy":"post_tag","embeddable":true,"href":"https:\/\/aconteceunovale.com.br\/portal\/index.php?rest_route=%2Fwp%2Fv2%2Ftags&post=150032"}],"curies":[{"name":"wp","href":"https:\/\/api.w.org\/{rel}","templated":true}]}}