{"id":150025,"date":"2019-07-31T15:11:04","date_gmt":"2019-07-31T17:11:04","guid":{"rendered":"http:\/\/aconteceunovale.com.br\/portal\/?p=150025"},"modified":"2019-08-01T09:25:24","modified_gmt":"2019-08-01T11:25:24","slug":"homem-e-assassinado-em-frente-a-escola-infantil-em-capelinha","status":"publish","type":"post","link":"https:\/\/aconteceunovale.com.br\/portal\/?p=150025","title":{"rendered":"Homem \u00e9 assassinado em frente \u00e0 escola infantil em Capelinha"},"content":{"rendered":"<p>Um homem de 48 anos foi morto a facadas na manh\u00e3 desta quarta-feira (31\/07\/2019) na Rua Santa Cec\u00edlia, no Bairro Maria L\u00facia, em Capelinha (MG). O crime aconteceu em frente a uma escola infantil.<br \/>\n<center><br \/>\n<!-- Erro, o An\u00fancio n\u00e3o est\u00e1 dispon\u00edvel neste momento devido \u00e0s restri\u00e7\u00f5es de agendamento\/geolocaliza\u00e7\u00e3o! --><br \/>\n<\/br><br \/>\n<\/center><br \/>\nMoradores do bairro relataram que a v\u00edtima Jo\u00e3o Ant\u00f4nio Bueno de Souza recebeu diversos golpes de faca e, logo em seguida, caiu ao solo e veio a \u00f3bito ainda no local. <\/p>\n<p>A Per\u00edcia T\u00e9cnica da Pol\u00edcia Civil compareceu ao local e constatou que a v\u00edtima apresentava oito perfura\u00e7\u00f5es provocadas por objeto perfurocortante. Ap\u00f3s os trabalhos de praxe, o corpo foi liberado para o Instituto M\u00e9dico Legal (IML) da cidade.<\/p>\n<p>A Pol\u00edcia Militar agiu r\u00e1pido e efetuou a pris\u00e3o do autor J.A.V em flagrante delito. Uma faca do tipo peixeira, com 30 cm de l\u00e2mina, e uma bucha de maconha foram apreendidas com o autor.<\/p>\n<p>Informa\u00e7\u00f5es iniciais indicam que a motiva\u00e7\u00e3o do crime seria uma desaven\u00e7a pret\u00e9rita, na qual a v\u00edtima estaria envolvida em uma tentativa de homic\u00eddio contra o autor. J.A.V e o material apreendido foram encaminhados para a Delegacia local. A motiva\u00e7\u00e3o do crime ser\u00e1 investigada.<\/p>\n<p><img decoding=\"async\" src=\"http:\/\/aconteceunovale.com.br\/portal\/wp-content\/uploads\/2019\/07\/homicidio_capelinha_editado.jpg\" alt=\"\" \/><em>Local do crime &#8211; Foto: Reprodu\u00e7\u00e3o\/WhatsApp<\/em><br \/>\n<\/br><\/p>\n<p><strong>VER PRIMEIRO<\/strong><\/p>\n<p>Receba as not\u00edcias do Aconteceu no Vale em primeira m\u00e3o. Clique em curtir no endere\u00e7o <a href=\"https:\/\/www.facebook.com\/aconteceunovale\" target=\"_blank\"><font color=\"red\">www.facebook.com\/aconteceunovale<\/font><\/a> ou no box abaixo:<\/p>\n<div class=\"fb-like\" data-href=\"https:\/\/www.facebook.com\/aconteceunovale\" data-width=\"120\" data-layout=\"standard\" data-action=\"like\" data-size=\"small\" data-show-faces=\"true\" data-share=\"true\"><\/div>\n<p><!-- Erro, o An\u00fancio n\u00e3o est\u00e1 dispon\u00edvel neste momento devido \u00e0s restri\u00e7\u00f5es de agendamento\/geolocaliza\u00e7\u00e3o! --><br \/>\n<\/br><\/p>\n","protected":false},"excerpt":{"rendered":"<p>Um homem de 48 anos foi morto a facadas na manh\u00e3 desta quarta-feira (31\/07\/2019) na Rua Santa Cec\u00edlia, no Bairro Maria L\u00facia, em Capelinha (MG). O crime aconteceu em frente a uma escola infantil. Moradores do bairro relataram que a v\u00edtima Jo\u00e3o Ant\u00f4nio Bueno de Souza recebeu diversos golpes de faca e, logo em seguida, [&hellip;]<\/p>\n","protected":false},"author":1,"featured_media":150027,"comment_status":"open","ping_status":"closed","sticky":false,"template":"","format":"standard","meta":{"amp_status":"","footnotes":""},"categories":[120],"tags":[130190,42918,132,204240,29368,26843,42919,42920],"class_list":["post-150025","post","type-post","status-publish","format-standard","has-post-thumbnail","hentry","category-jequi","tag-assassinado-em-capelinha","tag-assassinato-em-capelinha","tag-capelinha","tag-homem-e-assassinado-em-frente-a-escola-infantil-em-capelinha","tag-homem-morto-em-capelinha","tag-homicidio-em-capelinha","tag-morte-em-capelinha","tag-morto-em-capelinha"],"_links":{"self":[{"href":"https:\/\/aconteceunovale.com.br\/portal\/index.php?rest_route=\/wp\/v2\/posts\/150025","targetHints":{"allow":["GET"]}}],"collection":[{"href":"https:\/\/aconteceunovale.com.br\/portal\/index.php?rest_route=\/wp\/v2\/posts"}],"about":[{"href":"https:\/\/aconteceunovale.com.br\/portal\/index.php?rest_route=\/wp\/v2\/types\/post"}],"author":[{"embeddable":true,"href":"https:\/\/aconteceunovale.com.br\/portal\/index.php?rest_route=\/wp\/v2\/users\/1"}],"replies":[{"embeddable":true,"href":"https:\/\/aconteceunovale.com.br\/portal\/index.php?rest_route=%2Fwp%2Fv2%2Fcomments&post=150025"}],"version-history":[{"count":0,"href":"https:\/\/aconteceunovale.com.br\/portal\/index.php?rest_route=\/wp\/v2\/posts\/150025\/revisions"}],"wp:featuredmedia":[{"embeddable":true,"href":"https:\/\/aconteceunovale.com.br\/portal\/index.php?rest_route=\/wp\/v2\/media\/150027"}],"wp:attachment":[{"href":"https:\/\/aconteceunovale.com.br\/portal\/index.php?rest_route=%2Fwp%2Fv2%2Fmedia&parent=150025"}],"wp:term":[{"taxonomy":"category","embeddable":true,"href":"https:\/\/aconteceunovale.com.br\/portal\/index.php?rest_route=%2Fwp%2Fv2%2Fcategories&post=150025"},{"taxonomy":"post_tag","embeddable":true,"href":"https:\/\/aconteceunovale.com.br\/portal\/index.php?rest_route=%2Fwp%2Fv2%2Ftags&post=150025"}],"curies":[{"name":"wp","href":"https:\/\/api.w.org\/{rel}","templated":true}]}}