{"id":149989,"date":"2019-07-30T00:05:17","date_gmt":"2019-07-30T02:05:17","guid":{"rendered":"http:\/\/aconteceunovale.com.br\/portal\/?p=149989"},"modified":"2019-07-30T00:05:17","modified_gmt":"2019-07-30T02:05:17","slug":"homem-e-executado-em-inhapim-no-leste-de-minas","status":"publish","type":"post","link":"https:\/\/aconteceunovale.com.br\/portal\/?p=149989","title":{"rendered":"Homem \u00e9 executado em Inhapim, no Leste de Minas"},"content":{"rendered":"<p>A Pol\u00edcia Militar foi acionada na madrugada de s\u00e1bado (27) ap\u00f3s um corpo ser encontrado \u00e0s margens de um c\u00f3rrego na zona rural de Inhapim, no Leste de Minas. No local, pr\u00f3ximo a uma ponte, os militares perceberam que a v\u00edtima apresentava marcas de facadas na face e cortes profundos no pesco\u00e7o.<br \/>\n<center><br \/>\n<!-- Erro, o An\u00fancio n\u00e3o est\u00e1 dispon\u00edvel neste momento devido \u00e0s restri\u00e7\u00f5es de agendamento\/geolocaliza\u00e7\u00e3o! --><br \/>\n<\/br><br \/>\n<\/center><br \/>\nSegundo testemunhas, por volta das 18h do dia anterior, Ronilton Santos Silva estava em companhia do principal suspeito do crime, bebendo em um bar pr\u00f3ximo ao local onde foi encontrado morto. Por volta das 21h, os dois sa\u00edram do estabelecimento e n\u00e3o foram mais vistos juntos.<\/p>\n<p>A PM recebeu informa\u00e7\u00f5es indicando que o suspeito poderia ter fugido para a casa da m\u00e3e em Divino do Tra\u00edra. Militares estiveram no local e encontraram o ele na rua.<\/p>\n<p>O jovem relatou aos militares que ingeriu bebidas alco\u00f3licas na casa da v\u00edtima e come\u00e7aram a brigar. O suspeito ainda relatou aos militares que desejava matar Ronilton desde o momento em que estavam no bar<\/p>\n<p>O suspeito, segundo a Pol\u00edcia, aplicou um golpe de fac\u00e3o na m\u00e3o da v\u00edtima e, em seguida, arrastou Ronilton at\u00e9 as margens do rio, onde desferiu outras fac\u00e3ozadas e consumou o crime.<\/p>\n<p>Para fugir, o rapaz alegou ao dono do bar que a m\u00e3e dele estaria passando mal, e que precisava de uma carona, sendo levado at\u00e9 Dom Cavati, de onde seguiu at\u00e9 a resid\u00eancia da genitora.<\/p>\n<p>O jovem foi preso em flagrante e o corpo encaminhado ao Instituto M\u00e9dico Legal (IML). A motiva\u00e7\u00e3o do crime seria uma d\u00edvida de drogas.<\/p>\n<p><em>Leandro Silva | Aconteceu no Vale<br \/>\nPublicado em: 25\/07\/2019, \u00e0s 23h05<\/em><\/p>\n<p><strong>VER PRIMEIRO<\/strong><\/p>\n<p>Receba as not\u00edcias do Aconteceu no Vale em primeira m\u00e3o. Clique em curtir no endere\u00e7o <a href=\"https:\/\/www.facebook.com\/aconteceunovale\" target=\"_blank\"><font color=\"red\">www.facebook.com\/aconteceunovale<\/font><\/a> ou no box abaixo:<\/p>\n<div class=\"fb-like\" data-href=\"https:\/\/www.facebook.com\/aconteceunovale\" data-width=\"120\" data-layout=\"standard\" data-action=\"like\" data-size=\"small\" data-show-faces=\"true\" data-share=\"true\"><\/div>\n<p><!-- Erro, o An\u00fancio n\u00e3o est\u00e1 dispon\u00edvel neste momento devido \u00e0s restri\u00e7\u00f5es de agendamento\/geolocaliza\u00e7\u00e3o! --><br \/>\n<\/br><\/p>\n","protected":false},"excerpt":{"rendered":"<p>A Pol\u00edcia Militar foi acionada na madrugada de s\u00e1bado (27) ap\u00f3s um corpo ser encontrado \u00e0s margens de um c\u00f3rrego na zona rural de Inhapim, no Leste de Minas. No local, pr\u00f3ximo a uma ponte, os militares perceberam que a v\u00edtima apresentava marcas de facadas na face e cortes profundos no pesco\u00e7o. Segundo testemunhas, por [&hellip;]<\/p>\n","protected":false},"author":1,"featured_media":71442,"comment_status":"open","ping_status":"closed","sticky":false,"template":"","format":"standard","meta":{"amp_status":"","footnotes":""},"categories":[121],"tags":[204188,204187,204189,146115,296,127816,127814,50751,204190],"class_list":["post-149989","post","type-post","status-publish","format-standard","has-post-thumbnail","hentry","category-leste","tag-assassinado-em-inhapim","tag-homem-e-executado-em-inhapim","tag-homem-morto-em-inhapim","tag-homicidio-em-inhapim","tag-inhapim","tag-morte-em-inhapim","tag-morto-em-inhapim","tag-no-leste-de-minas","tag-ronilton-santos-silva"],"_links":{"self":[{"href":"https:\/\/aconteceunovale.com.br\/portal\/index.php?rest_route=\/wp\/v2\/posts\/149989","targetHints":{"allow":["GET"]}}],"collection":[{"href":"https:\/\/aconteceunovale.com.br\/portal\/index.php?rest_route=\/wp\/v2\/posts"}],"about":[{"href":"https:\/\/aconteceunovale.com.br\/portal\/index.php?rest_route=\/wp\/v2\/types\/post"}],"author":[{"embeddable":true,"href":"https:\/\/aconteceunovale.com.br\/portal\/index.php?rest_route=\/wp\/v2\/users\/1"}],"replies":[{"embeddable":true,"href":"https:\/\/aconteceunovale.com.br\/portal\/index.php?rest_route=%2Fwp%2Fv2%2Fcomments&post=149989"}],"version-history":[{"count":0,"href":"https:\/\/aconteceunovale.com.br\/portal\/index.php?rest_route=\/wp\/v2\/posts\/149989\/revisions"}],"wp:featuredmedia":[{"embeddable":true,"href":"https:\/\/aconteceunovale.com.br\/portal\/index.php?rest_route=\/wp\/v2\/media\/71442"}],"wp:attachment":[{"href":"https:\/\/aconteceunovale.com.br\/portal\/index.php?rest_route=%2Fwp%2Fv2%2Fmedia&parent=149989"}],"wp:term":[{"taxonomy":"category","embeddable":true,"href":"https:\/\/aconteceunovale.com.br\/portal\/index.php?rest_route=%2Fwp%2Fv2%2Fcategories&post=149989"},{"taxonomy":"post_tag","embeddable":true,"href":"https:\/\/aconteceunovale.com.br\/portal\/index.php?rest_route=%2Fwp%2Fv2%2Ftags&post=149989"}],"curies":[{"name":"wp","href":"https:\/\/api.w.org\/{rel}","templated":true}]}}