{"id":14989,"date":"2013-12-09T17:08:02","date_gmt":"2013-12-09T19:08:02","guid":{"rendered":"http:\/\/aconteceunovale.com.br\/portal\/?p=14989"},"modified":"2013-12-09T21:20:30","modified_gmt":"2013-12-09T23:20:30","slug":"veredinha-clube-de-maes-sera-beneficiado-com-30-mil-para-compra-de-equipamentos-e-mobiliarios","status":"publish","type":"post","link":"https:\/\/aconteceunovale.com.br\/portal\/?p=14989","title":{"rendered":"VEREDINHA: Clube de M\u00e3es ser\u00e1 beneficiado com 30 mil para compra de equipamentos e mobili\u00e1rios"},"content":{"rendered":"<p><em><strong>Por Vicente Alves, Portal Aconteceu no Vale<\/strong><\/em><\/p>\n<p>Em Veredinha existe cerca de 30 pessoas vivendo acamadas. Destas pessoas, poucas possuem os equipamentos e mobili\u00e1rio necess\u00e1rio para a sua locomo\u00e7\u00e3o e conforto di\u00e1rio.<\/p>\n<p>Ciente dessa dif\u00edcil situa\u00e7\u00e3o, a vereadora Valqu\u00edria Pires, elaborou um projeto para aquisi\u00e7\u00e3o destes equipamentos e mobili\u00e1rios, e em parceria om o Clube de M\u00e3es, buscou conv\u00eanio junto a Secretaria do Estado de Governo de Minas Gerais.<\/p>\n<p>O conv\u00eanio foi aprovado e assinado no \u00faltimo dia 05 de dezembro, sendo publicado no Di\u00e1rio Oficial no dia 06.<\/p>\n<p>No conv\u00eanio, o Clube de m\u00e3es receber\u00e1 o valor de R$ 30.000,00 para aquisi\u00e7\u00e3o de cadeiras de roda, cadeiras de banho, andadores, muletas, colch\u00f5es especiais e camas hospitalares.<\/p>\n<p>Valqu\u00edria agradece ao Secret\u00e1rio de Governo Danilo de Casto, e em especial, ao ex-prefeito Dimazim, que prestou total apoio durante o processo.<\/p>\n<p><em><strong>Publica\u00e7\u00e3o no Di\u00e1rio Oficial:<\/strong><\/em><br \/>\n<img decoding=\"async\" src=\"http:\/\/aconteceunovale.com.br\/portal\/wp-content\/uploads\/2013\/12\/convenio_veredinha.jpg\" alt=\"\" \/><\/p>\n","protected":false},"excerpt":{"rendered":"<p>Por Vicente Alves, Portal Aconteceu no Vale Em Veredinha existe cerca de 30 pessoas vivendo acamadas. Destas pessoas, poucas possuem os equipamentos e mobili\u00e1rio necess\u00e1rio para a sua locomo\u00e7\u00e3o e conforto di\u00e1rio. Ciente dessa dif\u00edcil situa\u00e7\u00e3o, a vereadora Valqu\u00edria Pires, elaborou um projeto para aquisi\u00e7\u00e3o destes equipamentos e mobili\u00e1rios, e em parceria om o Clube [&hellip;]<\/p>\n","protected":false},"author":1,"featured_media":14991,"comment_status":"open","ping_status":"closed","sticky":false,"template":"","format":"standard","meta":{"amp_status":"","footnotes":""},"categories":[120],"tags":[1302,1303,916],"class_list":["post-14989","post","type-post","status-publish","format-standard","has-post-thumbnail","hentry","category-jequi","tag-clube-de-maes","tag-convenio-clube-de-maes-veredinha","tag-veredinha"],"_links":{"self":[{"href":"https:\/\/aconteceunovale.com.br\/portal\/index.php?rest_route=\/wp\/v2\/posts\/14989","targetHints":{"allow":["GET"]}}],"collection":[{"href":"https:\/\/aconteceunovale.com.br\/portal\/index.php?rest_route=\/wp\/v2\/posts"}],"about":[{"href":"https:\/\/aconteceunovale.com.br\/portal\/index.php?rest_route=\/wp\/v2\/types\/post"}],"author":[{"embeddable":true,"href":"https:\/\/aconteceunovale.com.br\/portal\/index.php?rest_route=\/wp\/v2\/users\/1"}],"replies":[{"embeddable":true,"href":"https:\/\/aconteceunovale.com.br\/portal\/index.php?rest_route=%2Fwp%2Fv2%2Fcomments&post=14989"}],"version-history":[{"count":0,"href":"https:\/\/aconteceunovale.com.br\/portal\/index.php?rest_route=\/wp\/v2\/posts\/14989\/revisions"}],"wp:featuredmedia":[{"embeddable":true,"href":"https:\/\/aconteceunovale.com.br\/portal\/index.php?rest_route=\/wp\/v2\/media\/14991"}],"wp:attachment":[{"href":"https:\/\/aconteceunovale.com.br\/portal\/index.php?rest_route=%2Fwp%2Fv2%2Fmedia&parent=14989"}],"wp:term":[{"taxonomy":"category","embeddable":true,"href":"https:\/\/aconteceunovale.com.br\/portal\/index.php?rest_route=%2Fwp%2Fv2%2Fcategories&post=14989"},{"taxonomy":"post_tag","embeddable":true,"href":"https:\/\/aconteceunovale.com.br\/portal\/index.php?rest_route=%2Fwp%2Fv2%2Ftags&post=14989"}],"curies":[{"name":"wp","href":"https:\/\/api.w.org\/{rel}","templated":true}]}}