{"id":149839,"date":"2019-07-28T19:40:16","date_gmt":"2019-07-28T21:40:16","guid":{"rendered":"http:\/\/aconteceunovale.com.br\/portal\/?p=149839"},"modified":"2019-07-28T19:40:16","modified_gmt":"2019-07-28T21:40:16","slug":"seis-meses-apos-desastre-brumadinho-tenta-recuperar-turistas","status":"publish","type":"post","link":"https:\/\/aconteceunovale.com.br\/portal\/?p=149839","title":{"rendered":"Seis meses ap\u00f3s desastre, Brumadinho tenta recuperar turistas"},"content":{"rendered":"<p>O rompimento da barragem da Mina C\u00f3rrego do Feij\u00e3o, da mineradora Vale, \u2013 que completou seis meses na \u00faltima quinta-feira (25) \u2013 ainda tem causado reflexos no turismo da cidade mineira de Brumadinho, a cerca de 50 quil\u00f4metros da capital do estado, Belo Horizonte.<br \/>\n<center><br \/>\n<!-- Erro, o An\u00fancio n\u00e3o est\u00e1 dispon\u00edvel neste momento devido \u00e0s restri\u00e7\u00f5es de agendamento\/geolocaliza\u00e7\u00e3o! --><br \/>\n<\/br><br \/>\n<\/center><br \/>\nNo Instituto Inhotim, maior espa\u00e7o cultural ao ar livre da Am\u00e9rica Latina, localizado em Brumadinho, o n\u00famero de visitantes este ano j\u00e1 registra queda significativa. Entre os anos de 2014 e 2018, a m\u00e9dia de visitantes no m\u00eas de janeiro era de 35.188. Este ano, o n\u00famero ficou em 33.480. Em fevereiro, o recuo foi de 15.472 para 6.739. No m\u00eas de maio, a m\u00e9dia de visitantes caiu de 21.212 para 12.916.<\/p>\n<p>A ocupa\u00e7\u00e3o da rede hoteleira da cidade tamb\u00e9m sofreu impactos. Segundo a Associa\u00e7\u00e3o de Turismo de Brumadinho, a m\u00e9dia de ocupa\u00e7\u00e3o nos hot\u00e9is e nas pousadas caiu mais de 50% desde janeiro, mas j\u00e1 apresenta sinais de retomada.<\/p>\n<p><strong>Inhotim<\/strong><\/p>\n<p>Apesar de se localizar na cidade mineira onde ocorreu o desastre, o Instituto Inhotim n\u00e3o teve as instala\u00e7\u00f5es atingidas e n\u00e3o ficou na rota do fluxo de lama.<\/p>\n<p>A diretora-executiva do instituto, Renata Bittencourt, espera que o n\u00famero de visitantes em julho seja melhor por conta das f\u00e9rias escolares. \u201cIsso \u00e9 significativo n\u00e3o s\u00f3 pela nossa renda que cai, mas por toda a rede tur\u00edstica da cidade que surgiu a partir de Inhotim. Toda essa rede tem preju\u00edzos. Os restaurantes, os hot\u00e9is e as pousadas. Ent\u00e3o, a perspectiva de ter uma atividade regular continuada aqui em Inhotim \u00e9 boa para a institui\u00e7\u00e3o, mas tamb\u00e9m \u00e9 um modo de seguir ancorando todo um segmento econ\u00f4mico de lazer do territ\u00f3rio de Brumadinho\u201d, destacou.<\/p>\n<p>A queda no n\u00famero de visitantes n\u00e3o foi o \u00fanico impacto que Inhotim sofreu com o rompimento da barragem. Renata lembrou que o museu tem cerca de 600 empregados, entre diretos e indiretos. Uma parte deles ainda se encontra traumatizada pela perda de parentes e amigos na trag\u00e9dia.<\/p>\n<p>\u201cIsso foi o que a gente sentiu mais. \u00c9 o que veio em primeiro lugar. 80% dos funcion\u00e1rios s\u00e3o da regi\u00e3o e 41% deles tiveram perdas diretas e outros tantos perderam conhecidos e amigos\u201d, explicou.<\/p>\n<p><strong>Social<\/strong><\/p>\n<p>A diretora executiva explica que o Instituto Inhotim \u00e9 uma importante fonte de renda da cidade e de gera\u00e7\u00e3o de emprego. Muitos dos jovens de Brumadinho t\u00eam seu primeiro emprego no espa\u00e7o cultural.<\/p>\n<p>Mesmo com as dificuldades de p\u00fablico, o instituto manteve seus projetos sociais. Para Renata, antes de ser um jardim bot\u00e2nico, Inhotim \u00e9 um museu e mant\u00e9m uma fun\u00e7\u00e3o social com a mem\u00f3ria, com a arte, com a cultura e ainda com as popula\u00e7\u00f5es.<\/p>\n<p>\u201cA exist\u00eancia de Inhotim aqui nesse territ\u00f3rio j\u00e1 chama para uma atividade social, que no nosso caso est\u00e1 vinculada ao econ\u00f4mico, ao nosso engajamento aos p\u00fablicos pr\u00f3ximos a n\u00f3s e nos empregos\u201d, afirmou.<\/p>\n<p>Como exemplo, ela afirma que o instituto manteve em funcionamento a escola de m\u00fasica para jovens que aprendem instrumentos como violino e contrabaixo. A escola tamb\u00e9m ministra aulas para crian\u00e7as pequenas que fazem experimenta\u00e7\u00e3o musical e adultos que aprendem canto.<\/p>\n<p>Em julho, teve in\u00edcio um projeto de cinema. \u201cBrumadinho \u00e9 uma cidade sem cinema. N\u00f3s come\u00e7amos com edi\u00e7\u00e3o de filmes, com anima\u00e7\u00f5es atraindo o p\u00fablico familiar e infantil\u201d, disse.<\/p>\n<p>\u201cA partir de agosto teremos o projeto Palco Brumadinho. Uma programa\u00e7\u00e3o musical que vai atravessar todo o segundo semestre para que a gente possa convidar a cidade toda a comparecer e fortalecer os talentos locais\u201d, completou.<\/p>\n<p><strong>Moradores<\/strong><\/p>\n<p>O instituto criou ainda um cadastro para conceder entradas gratuitas aos moradores da cidade. At\u00e9 o momento, 4 mil moradores se cadastraram e mais de 1 mil passaram pelas instala\u00e7\u00f5es do museu.<\/p>\n<p>\u201c\u00c9 uma cidade que passou por um trauma e acreditamos que o ambiente de Inhotim pode ser de relaxamento e de conviv\u00eancia onde os moradores possam se encontrar, desfrutar dos jardins, ver as obras da nossa cole\u00e7\u00e3o de orqu\u00eddea, sentar para ler um livro. Estamos de portas abertas para a cidade e muito comprometidos com a sua recupera\u00e7\u00e3o\u201d, afirmou.<\/p>\n<p>Na avalia\u00e7\u00e3o de Renata, a cultura tem grande for\u00e7a para impulsionar economias locais e mobilizar fluxos de turistas. Para ela, esse \u00e9 um modelo que tem muito espa\u00e7o para crescer no Brasil.<\/p>\n<p>\u201cO Inhotim \u00e9 uma institui\u00e7\u00e3o que tem 13 anos, mas antes de dele, n\u00e3o havia hotel nenhum [na cidade]. N\u00e3o havia pousada. O que j\u00e1 foi implementado pode crescer, pode ser uma presen\u00e7a de empregos fortes\u201d, avaliou.<\/p>\n<p><strong>VER PRIMEIRO<\/strong><\/p>\n<p>Receba as not\u00edcias do Aconteceu no Vale em primeira m\u00e3o. Clique em curtir no endere\u00e7o <a href=\"https:\/\/www.facebook.com\/aconteceunovale\" target=\"_blank\"><font color=\"red\">www.facebook.com\/aconteceunovale<\/font><\/a> ou no box abaixo:<\/p>\n<div class=\"fb-like\" data-href=\"https:\/\/www.facebook.com\/aconteceunovale\" data-width=\"120\" data-layout=\"standard\" data-action=\"like\" data-size=\"small\" data-show-faces=\"true\" data-share=\"true\"><\/div>\n<p><!-- Erro, o An\u00fancio n\u00e3o est\u00e1 dispon\u00edvel neste momento devido \u00e0s restri\u00e7\u00f5es de agendamento\/geolocaliza\u00e7\u00e3o! --><br \/>\n<\/br><\/p>\n<p><em>(Fonte: Ag\u00eancia Brasil)<\/em><\/p>\n","protected":false},"excerpt":{"rendered":"<p>O rompimento da barragem da Mina C\u00f3rrego do Feij\u00e3o, da mineradora Vale, \u2013 que completou seis meses na \u00faltima quinta-feira (25) \u2013 ainda tem causado reflexos no turismo da cidade mineira de Brumadinho, a cerca de 50 quil\u00f4metros da capital do estado, Belo Horizonte. No Instituto Inhotim, maior espa\u00e7o cultural ao ar livre da Am\u00e9rica [&hellip;]<\/p>\n","protected":false},"author":1,"featured_media":148690,"comment_status":"open","ping_status":"closed","sticky":false,"template":"","format":"standard","meta":{"amp_status":"","footnotes":""},"categories":[123],"tags":[3679,203966,193577,203962,39862,25430,193008,142718,203964,203961,203965,192734,44604,203963,2910],"class_list":["post-149839","post","type-post","status-publish","format-standard","has-post-thumbnail","hentry","category-gerais","tag-brumadinho","tag-brumadinho-tenta-recuperar-turistas","tag-corrego-do-feijao","tag-desastre-em-brumadinho","tag-inhotim","tag-instituto-inhotim","tag-mina-corrego-do-feijao","tag-mineradora-vale","tag-renata-bittencourt","tag-rompimento-da-barragem-da-mina-corrego-do-feijao","tag-seis-meses-apos-desastre","tag-tragedia-em-brumadinho","tag-turismo","tag-turismo-em-brumadinho","tag-vale"],"_links":{"self":[{"href":"https:\/\/aconteceunovale.com.br\/portal\/index.php?rest_route=\/wp\/v2\/posts\/149839","targetHints":{"allow":["GET"]}}],"collection":[{"href":"https:\/\/aconteceunovale.com.br\/portal\/index.php?rest_route=\/wp\/v2\/posts"}],"about":[{"href":"https:\/\/aconteceunovale.com.br\/portal\/index.php?rest_route=\/wp\/v2\/types\/post"}],"author":[{"embeddable":true,"href":"https:\/\/aconteceunovale.com.br\/portal\/index.php?rest_route=\/wp\/v2\/users\/1"}],"replies":[{"embeddable":true,"href":"https:\/\/aconteceunovale.com.br\/portal\/index.php?rest_route=%2Fwp%2Fv2%2Fcomments&post=149839"}],"version-history":[{"count":0,"href":"https:\/\/aconteceunovale.com.br\/portal\/index.php?rest_route=\/wp\/v2\/posts\/149839\/revisions"}],"wp:featuredmedia":[{"embeddable":true,"href":"https:\/\/aconteceunovale.com.br\/portal\/index.php?rest_route=\/wp\/v2\/media\/148690"}],"wp:attachment":[{"href":"https:\/\/aconteceunovale.com.br\/portal\/index.php?rest_route=%2Fwp%2Fv2%2Fmedia&parent=149839"}],"wp:term":[{"taxonomy":"category","embeddable":true,"href":"https:\/\/aconteceunovale.com.br\/portal\/index.php?rest_route=%2Fwp%2Fv2%2Fcategories&post=149839"},{"taxonomy":"post_tag","embeddable":true,"href":"https:\/\/aconteceunovale.com.br\/portal\/index.php?rest_route=%2Fwp%2Fv2%2Ftags&post=149839"}],"curies":[{"name":"wp","href":"https:\/\/api.w.org\/{rel}","templated":true}]}}