{"id":149749,"date":"2019-07-25T12:39:53","date_gmt":"2019-07-25T14:39:53","guid":{"rendered":"http:\/\/aconteceunovale.com.br\/portal\/?p=149749"},"modified":"2019-07-25T12:39:53","modified_gmt":"2019-07-25T14:39:53","slug":"sobreviventes-de-brumadinho-aguardam-indenizacao-da-vale","status":"publish","type":"post","link":"https:\/\/aconteceunovale.com.br\/portal\/?p=149749","title":{"rendered":"Sobreviventes de Brumadinho aguardam indeniza\u00e7\u00e3o da Vale"},"content":{"rendered":"<p>Sebasti\u00e3o Gomes viu sua vida transformada com o rompimento da barragem em Brumadinho (MG), no dia 25 de janeiro. O operador de saneamento ambiental da Vale \u00e9 um dos sobreviventes da trag\u00e9dia. Junto com o amigo Elias Nunes, estava em uma caminhonete da empresa na \u00e1rea da barragem, quando viu pela frente um mar de lama se aproximar. Por ajuda de Deus, como gosta de contar, conseguiu sair dali com muita dificuldade e se salvou. \u201cEu costumo falar que agora tenho dois dias de anivers\u00e1rio. \u00c9 o 25 de janeiro e o 22 de julho. O 22 de julho \u00e9 o meu anivers\u00e1rio mesmo e o 25 de janeiro por eu ter renascido daquela trag\u00e9dia e daquela lama\u201d, disse \u00e0 Ag\u00eancia Brasil.<br \/>\n<center><br \/>\n<!-- Erro, o An\u00fancio n\u00e3o est\u00e1 dispon\u00edvel neste momento devido \u00e0s restri\u00e7\u00f5es de agendamento\/geolocaliza\u00e7\u00e3o! --><br \/>\n<\/br><br \/>\n<\/center><br \/>\nSegundo ele, cada dia 25 em Brumadinho \u00e9 como se fosse o dia da trag\u00e9dia. Moradores, fam\u00edlias das v\u00edtimas e empregados ainda est\u00e3o presos naquele momento e tudo volta \u00e0 mente. O sobrevivente sente a dor de ainda ter corpos de 22 pessoas encobertos pelos rejeitos e pela lama. \u201c\u00c9 dif\u00edcil porque cada dia \u00e9 uma coisa, \u00e9 uma pessoa que aparece ou s\u00e3o resgatados restos mortais de algumas pessoas. A gente fica na expectativa de achar as pessoas desaparecidas. Alguns amigos ainda est\u00e3o l\u00e1. A gente fica sempre naquela ang\u00fastia\u201d, comentou.<\/p>\n<p>O operador ambiental j\u00e1 passou por afastamentos do trabalho em consequ\u00eancia dos traumas da trag\u00e9dia e por tentativas de retomar as suas fun\u00e7\u00f5es. Chegou a trabalhar em outras barragens, mas n\u00e3o teve condi\u00e7\u00f5es de desempenhar o servi\u00e7o. Atualmente, est\u00e1 em licen\u00e7a m\u00e9dica. \u201cEu afastei no dia 22 de maio e estou pelo INSS, devo ter uma outra per\u00edcia no m\u00eas que vem e se der tudo certo volto a trabalhar de novo. Eu sou funcion\u00e1rio dela [Vale] ainda, n\u00e9?\u201d, disse.<\/p>\n<p>Mesmo com acompanhamento psicol\u00f3gico que tem feito, precisando de medicamentos para dormir, as marcas do sofrimento que passou naquele momento est\u00e3o presentes e, depois de seis meses, ainda provocam sobressaltos. Mas no dia a dia procura atividades para aliviar os pensamentos. O encontro com parentes e amigos tem sido uma forma de sair da rotina. Esta semana est\u00e1 visitando a fam\u00edlia do irm\u00e3o que tem Alzheimer em S\u00e3o Paulo. L\u00e1 teve a surpresa dos parentes que comemoraram os seus 54 anos, na segunda-feira passada (22).<\/p>\n<p>\u201cO conceito familiar em si, parece que as coisas simples da vida ganham um significado muito mais especial que antes. Um dia voc\u00ea acorda de manh\u00e3 e vai dar um abra\u00e7o no filho, aquilo ali para gente \u00e9 uma coisa diferente\u201d, completou com voz embargada. \u201cDesculpe, mas \u00e0s vezes, me emociono um pouco\u201d.<\/p>\n<p>Hoje, se ainda tem um lado tr\u00e1gico na vida de Sebasti\u00e3o h\u00e1 tamb\u00e9m perspectivas para o futuro. A formatura em engenharia ambiental e sanitarista foi em 2018 e a cola\u00e7\u00e3o de grau em maio passado. Est\u00e1 fazendo uma p\u00f3s-gradua\u00e7\u00e3o e at\u00e9 o fim do ano vai lan\u00e7ar o livro, que n\u00e3o ficar\u00e1 apenas na hist\u00f3ria do rompimento da barragem. Vai contar a sua hist\u00f3ria de vida. \u201cTem o momento do dia da trag\u00e9dia desde a hora que sa\u00ed de casa, a hora em que fui para o hospital, mas o livro relata o dia que entrei na empresa Vale, que entrei na faculdade j\u00e1 com 46 anos, era um sonho. Para mim, vai ser um livro tamb\u00e9m de estudo, porque falo de supera\u00e7\u00e3o e como seguir uma carreira. Nunca \u00e9 tarde para isso\u201d, contou sobre o esfor\u00e7o de buscar um lado melhor para a vida.<\/p>\n<p>Sebasti\u00e3o tem esperan\u00e7a de que, agora formado, possa ser contratado como engenheiro ambiental da Vale. \u201cFica a cargo da empresa tomar essa decis\u00e3o. V\u00e1rios amigos meus que formaram est\u00e3o l\u00e1 at\u00e9 hoje, [mas] mesmo sendo formados continuam no mesmo cargo. Atualmente sou operador de saneamento ambiental, mexo com esta\u00e7\u00f5es de tratamento de \u00e1gua e monitoramento de nascentes. Espero que, talvez, com essa forma\u00e7\u00e3o minha, fa\u00e7o p\u00f3s-gradua\u00e7\u00e3o tamb\u00e9m, tenha alguma classifica\u00e7\u00e3o para mim. Se n\u00e3o tiver, pretendo montar uma empresa para mim de consultoria e estou fazendo cursos para palestrante. Quero entrar nessa \u00e1rea de palestras e consultoria ambiental\u201d.<\/p>\n<p>Sebasti\u00e3o ainda espera alguma repara\u00e7\u00e3o da Vale. Ele contou que os parentes das v\u00edtimas do rompimento j\u00e1 receberam indeniza\u00e7\u00f5es, mas os sobreviventes ainda aguardam uma posi\u00e7\u00e3o da empresa. Enquanto isso tem uma a\u00e7\u00e3o no Minist\u00e9rio P\u00fablico do Trabalho e vai fazer uma audi\u00eancia no dia 18 de agosto para tratar dessa quest\u00e3o. \u201cA gente podia ter morrido, mas gra\u00e7as a Deus a gente ainda salvou outras vidas que estavam perto da gente. Para quem morreu, [a fam\u00edlia] recebeu indeniza\u00e7\u00e3o, mas para a gente que sobreviveu ainda est\u00e1 sendo olhado\u201d, observou.<\/p>\n<p>A Vale informou que fez o acordo definitivo de indeniza\u00e7\u00e3o, assinado no \u00faltimo dia 15 de julho, com o Minist\u00e9rio P\u00fablico do Trabalho de Minas Gerais. O acordo prev\u00ea estabilidade aos trabalhadores pr\u00f3prios e terceirizados, lotados na Mina de C\u00f3rrego do Feij\u00e3o no dia do rompimento, e aos sobreviventes que estavam trabalhando no momento do rompimento. A estabilidade \u00e9 v\u00e1lida por tr\u00eas anos, contados a partir de 25 de janeiro de 2019, podendo ser convertido em pec\u00fania. Al\u00e9m disso, a companhia afirmou que depositar\u00e1 em ju\u00edzo, no dia 6 de agosto de 2019, o valor de R$ 400 milh\u00f5es a t\u00edtulo de dano moral coletivo.<\/p>\n<p><strong>VER PRIMEIRO<\/strong><\/p>\n<p>Receba as not\u00edcias do Aconteceu no Vale em primeira m\u00e3o. Clique em curtir no endere\u00e7o <a href=\"https:\/\/www.facebook.com\/aconteceunovale\" target=\"_blank\"><font color=\"red\">www.facebook.com\/aconteceunovale<\/font><\/a> ou no box abaixo:<\/p>\n<div class=\"fb-like\" data-href=\"https:\/\/www.facebook.com\/aconteceunovale\" data-width=\"120\" data-layout=\"standard\" data-action=\"like\" data-size=\"small\" data-show-faces=\"true\" data-share=\"true\"><\/div>\n<p><!-- Erro, o An\u00fancio n\u00e3o est\u00e1 dispon\u00edvel neste momento devido \u00e0s restri\u00e7\u00f5es de agendamento\/geolocaliza\u00e7\u00e3o! --><br \/>\n<\/br><\/p>\n<p><em>(Fonte: Ag\u00eancia Brasil)<\/em><\/p>\n","protected":false},"excerpt":{"rendered":"<p>Sebasti\u00e3o Gomes viu sua vida transformada com o rompimento da barragem em Brumadinho (MG), no dia 25 de janeiro. O operador de saneamento ambiental da Vale \u00e9 um dos sobreviventes da trag\u00e9dia. Junto com o amigo Elias Nunes, estava em uma caminhonete da empresa na \u00e1rea da barragem, quando viu pela frente um mar de [&hellip;]<\/p>\n","protected":false},"author":1,"featured_media":143505,"comment_status":"open","ping_status":"closed","sticky":false,"template":"","format":"standard","meta":{"amp_status":"","footnotes":""},"categories":[123],"tags":[65330,203266,3679,203810,71054,203263,65621,203809,203808,198826,2910,203381],"class_list":["post-149749","post","type-post","status-publish","format-standard","has-post-thumbnail","hentry","category-gerais","tag-barragem","tag-barragem-brumadinho","tag-brumadinho","tag-brumadinho-vale","tag-indenizacao","tag-indenizacao-brumadinho","tag-lama","tag-sobreviventes-de-brumadinho","tag-sobreviventes-de-brumadinho-aguardam-indenizacao-da-vale","tag-tragedia-de-brumadinho","tag-vale","tag-vale-brumadinho"],"_links":{"self":[{"href":"https:\/\/aconteceunovale.com.br\/portal\/index.php?rest_route=\/wp\/v2\/posts\/149749","targetHints":{"allow":["GET"]}}],"collection":[{"href":"https:\/\/aconteceunovale.com.br\/portal\/index.php?rest_route=\/wp\/v2\/posts"}],"about":[{"href":"https:\/\/aconteceunovale.com.br\/portal\/index.php?rest_route=\/wp\/v2\/types\/post"}],"author":[{"embeddable":true,"href":"https:\/\/aconteceunovale.com.br\/portal\/index.php?rest_route=\/wp\/v2\/users\/1"}],"replies":[{"embeddable":true,"href":"https:\/\/aconteceunovale.com.br\/portal\/index.php?rest_route=%2Fwp%2Fv2%2Fcomments&post=149749"}],"version-history":[{"count":0,"href":"https:\/\/aconteceunovale.com.br\/portal\/index.php?rest_route=\/wp\/v2\/posts\/149749\/revisions"}],"wp:featuredmedia":[{"embeddable":true,"href":"https:\/\/aconteceunovale.com.br\/portal\/index.php?rest_route=\/wp\/v2\/media\/143505"}],"wp:attachment":[{"href":"https:\/\/aconteceunovale.com.br\/portal\/index.php?rest_route=%2Fwp%2Fv2%2Fmedia&parent=149749"}],"wp:term":[{"taxonomy":"category","embeddable":true,"href":"https:\/\/aconteceunovale.com.br\/portal\/index.php?rest_route=%2Fwp%2Fv2%2Fcategories&post=149749"},{"taxonomy":"post_tag","embeddable":true,"href":"https:\/\/aconteceunovale.com.br\/portal\/index.php?rest_route=%2Fwp%2Fv2%2Ftags&post=149749"}],"curies":[{"name":"wp","href":"https:\/\/api.w.org\/{rel}","templated":true}]}}