{"id":149725,"date":"2019-07-24T13:26:42","date_gmt":"2019-07-24T15:26:42","guid":{"rendered":"http:\/\/aconteceunovale.com.br\/portal\/?p=149725"},"modified":"2019-07-24T13:26:42","modified_gmt":"2019-07-24T15:26:42","slug":"com-expansao-nova-zona-azul-de-governador-valadares-atingira-3-093-vagas","status":"publish","type":"post","link":"https:\/\/aconteceunovale.com.br\/portal\/?p=149725","title":{"rendered":"Com expans\u00e3o, Nova Zona Azul de Governador Valadares atingir\u00e1 3.093 vagas"},"content":{"rendered":"<p>A 2\u00aa fase da Nova Zona Azul de Governador Valadares come\u00e7a a funcionar no dia 1\u00ba de agosto, com 1.543 novos vagas de estacionamento rotativo. Compreende a nova etapa a \u00e1rea localizada entre as ruas Leonardo Cristino, Vereador Euzebinho Cabral, Henrique Bahia, Av. Brasil, Quintino Bocai\u00fava, S\u00e1 Carvalho, Orbis Club, Prudente de Morais, no Centro do munic\u00edpio. Com a nova fase, o projeto atinge 3093 mil vagas de estacionamento rotativo.<br \/>\n<center><br \/>\n<!-- Erro, o An\u00fancio n\u00e3o est\u00e1 dispon\u00edvel neste momento devido \u00e0s restri\u00e7\u00f5es de agendamento\/geolocaliza\u00e7\u00e3o! --><br \/>\n<\/br><br \/>\n<\/center><br \/>\nA Nova Zona Azul funciona de segunda a sexta-feira, das 9h \u00e0s 19h e, aos s\u00e1bados, das 9h \u00e0s 13h. Desta forma, aos domingos e feriados, e fora dos hor\u00e1rios determinados, o estacionamento nas vagas \u00e9 livre. Conforme previsto em legisla\u00e7\u00e3o municipal, o valor cobrado pela hora cheia \u00e9 de R$ 2,20. As vagas podem ser ocupadas por, no m\u00e1ximo, 2 horas. N\u00e3o \u00e9 permitida a prorroga\u00e7\u00e3o e nem a troca de vagas na mesma face de um quarteir\u00e3o.<\/p>\n<p>O aplicativo para smartphone Nova Zona Azul Valadares tem se tornado cada vez mais popular entre os motoristas da cidade, que pode ser baixado gratuitamente pelo <span style=\"color: #ff6600;\"><a href=\"https:\/\/play.google.com\/store\/apps\/details?id=aliasnet.mobileparking.appmotorista.zavaladares&amp;hl=pt_BR\" target=\"_blank\"><span style=\"color: #ff6600;\">Google Play<\/span><\/a><\/span> ou na <span style=\"color: #ff6600;\"><a href=\"https:\/\/apps.apple.com\/br\/app\/nova-zona-azul-valadares\/id1420072734\" target=\"_blank\"><span style=\"color: #ff6600;\">Apple Store<\/span><\/a><\/span>. Com ele, o usu\u00e1rio compra os cr\u00e9ditos com cart\u00e3o de cr\u00e9dito, d\u00e9bito ou por meio do cart\u00e3o pr\u00e9-pago.<\/p>\n<p>Outra forma de realizar o pagamento \u00e9 pelo cart\u00e3o convencional, que pode ser adquirido em 138 estabelecimentos comerciais localizados pr\u00f3ximos \u00e0s vagas da Zona Azul. O cart\u00e3o deve ser preenchido por meio da raspagem dos campos, com a indica\u00e7\u00e3o do ano, m\u00eas, dia, hora e minuto. O cart\u00e3o deve ser deixado no painel do ve\u00edculo para verifica\u00e7\u00e3o dos agentes de tr\u00e2nsito.<\/p>\n<p>Com o cart\u00e3o, o motorista s\u00f3 pode pagar pela hora cheia, mesmo que permane\u00e7a menos tempo na vaga. Com o aplicativo, \u00e9 poss\u00edvel pagar apenas pelo tempo em que o condutor permanecer no estacionamento rotativo.<\/p>\n<p><strong>VER PRIMEIRO<\/strong><\/p>\n<p>Receba as not\u00edcias do Aconteceu no Vale em primeira m\u00e3o. Clique em curtir no endere\u00e7o <a href=\"https:\/\/www.facebook.com\/aconteceunovale\" target=\"_blank\"><font color=\"red\">www.facebook.com\/aconteceunovale<\/font><\/a> ou no box abaixo:<\/p>\n<div class=\"fb-like\" data-href=\"https:\/\/www.facebook.com\/aconteceunovale\" data-width=\"120\" data-layout=\"standard\" data-action=\"like\" data-size=\"small\" data-show-faces=\"true\" data-share=\"true\"><\/div>\n<p><!-- Erro, o An\u00fancio n\u00e3o est\u00e1 dispon\u00edvel neste momento devido \u00e0s restri\u00e7\u00f5es de agendamento\/geolocaliza\u00e7\u00e3o! --><br \/>\n<\/br><\/p>\n","protected":false},"excerpt":{"rendered":"<p>A 2\u00aa fase da Nova Zona Azul de Governador Valadares come\u00e7a a funcionar no dia 1\u00ba de agosto, com 1.543 novos vagas de estacionamento rotativo. Compreende a nova etapa a \u00e1rea localizada entre as ruas Leonardo Cristino, Vereador Euzebinho Cabral, Henrique Bahia, Av. Brasil, Quintino Bocai\u00fava, S\u00e1 Carvalho, Orbis Club, Prudente de Morais, no Centro [&hellip;]<\/p>\n","protected":false},"author":1,"featured_media":149726,"comment_status":"open","ping_status":"closed","sticky":false,"template":"","format":"standard","meta":{"amp_status":"","footnotes":""},"categories":[121],"tags":[1018,247,203770,203771,203772,63938],"class_list":["post-149725","post","type-post","status-publish","format-standard","has-post-thumbnail","hentry","category-leste","tag-destaque","tag-governador-valadares","tag-nova-zona-azul-de-governador-valadares","tag-nova-zona-azul-de-governador-valadares-atingira-3-093-vagas","tag-nova-zona-azul-valadares","tag-zona-azul-de-governador-valadares"],"_links":{"self":[{"href":"https:\/\/aconteceunovale.com.br\/portal\/index.php?rest_route=\/wp\/v2\/posts\/149725","targetHints":{"allow":["GET"]}}],"collection":[{"href":"https:\/\/aconteceunovale.com.br\/portal\/index.php?rest_route=\/wp\/v2\/posts"}],"about":[{"href":"https:\/\/aconteceunovale.com.br\/portal\/index.php?rest_route=\/wp\/v2\/types\/post"}],"author":[{"embeddable":true,"href":"https:\/\/aconteceunovale.com.br\/portal\/index.php?rest_route=\/wp\/v2\/users\/1"}],"replies":[{"embeddable":true,"href":"https:\/\/aconteceunovale.com.br\/portal\/index.php?rest_route=%2Fwp%2Fv2%2Fcomments&post=149725"}],"version-history":[{"count":0,"href":"https:\/\/aconteceunovale.com.br\/portal\/index.php?rest_route=\/wp\/v2\/posts\/149725\/revisions"}],"wp:featuredmedia":[{"embeddable":true,"href":"https:\/\/aconteceunovale.com.br\/portal\/index.php?rest_route=\/wp\/v2\/media\/149726"}],"wp:attachment":[{"href":"https:\/\/aconteceunovale.com.br\/portal\/index.php?rest_route=%2Fwp%2Fv2%2Fmedia&parent=149725"}],"wp:term":[{"taxonomy":"category","embeddable":true,"href":"https:\/\/aconteceunovale.com.br\/portal\/index.php?rest_route=%2Fwp%2Fv2%2Fcategories&post=149725"},{"taxonomy":"post_tag","embeddable":true,"href":"https:\/\/aconteceunovale.com.br\/portal\/index.php?rest_route=%2Fwp%2Fv2%2Ftags&post=149725"}],"curies":[{"name":"wp","href":"https:\/\/api.w.org\/{rel}","templated":true}]}}