{"id":149722,"date":"2019-07-24T08:17:44","date_gmt":"2019-07-24T10:17:44","guid":{"rendered":"http:\/\/aconteceunovale.com.br\/portal\/?p=149722"},"modified":"2019-07-24T08:17:44","modified_gmt":"2019-07-24T10:17:44","slug":"pai-e-preso-suspeito-de-pegar-r-1-milhao-que-seria-para-tratamento-do-filho-com-doenca-grave","status":"publish","type":"post","link":"https:\/\/aconteceunovale.com.br\/portal\/?p=149722","title":{"rendered":"Pai \u00e9 preso suspeito de pegar R$ 1 milh\u00e3o que seria para tratamento do filho com doen\u00e7a grave"},"content":{"rendered":"<p>Um morador de Conselheiro Lafaiete, na regi\u00e3o central de Minas Gerais, foi preso nesta segunda-feira em Salvador, na Bahia, suspeito de gastar recursos arrecadados em campanha feita pelas redes sociais para o tratamento do filho de um ano e sete meses, que tem atrofia muscular espinhal (AME). A Pol\u00edcia Civil afirma que a campanha resultou em montante pr\u00f3ximo a R$ 1 milh\u00e3o. O caso \u00e9 investigado como estelionato.<br \/>\n<center><br \/>\n<!-- Erro, o An\u00fancio n\u00e3o est\u00e1 dispon\u00edvel neste momento devido \u00e0s restri\u00e7\u00f5es de agendamento\/geolocaliza\u00e7\u00e3o! --><br \/>\n<\/br><br \/>\n<\/center><br \/>\nA Pol\u00edcia Civil, h\u00e1 cerca de uma semana, recebeu informa\u00e7\u00f5es de que o pai da crian\u00e7a, um homem de 37 anos, estava na capital baiana &#8220;gastando o dinheiro de maneira indevida&#8221;. A corpora\u00e7\u00e3o diz ter confirmado que o garotinho realmente tem a doen\u00e7a. O suspeito foi trazido a Belo Horizonte pelos policiais na noite desta segunda-feira. Ainda de acordo com a pol\u00edcia, ele teria gasto cerca de R$ 600 mil em apenas um m\u00eas. Agora, o homem ser\u00e1 levado para Conselheiro Lafaiete.<\/p>\n<p>Segundo os pedidos por recursos feitos pela internet, a crian\u00e7a foi diagnosticada com a doen\u00e7a aos cinco meses de vida. A atrofia muscular espinhal \u00e9 degenerativa. O tratamento \u00e9 feito com o medicamento Spinraza &#8211; considerado um dos mais caros do mundo &#8211; com pelo menos seis doses por ano, inicialmente. Cada dose custa cerca de R$ 300 mil. Novas avalia\u00e7\u00f5es s\u00e3o necess\u00e1rias para o volume do medicamento a ser ministrado na sequ\u00eancia.<\/p>\n<p>Em abril deste ano, o ministro da Sa\u00fade, Luiz Henrique Mandetta, assinou portaria incluindo o Spinraza para fornecimento pelo Sistema \u00danico de Sa\u00fade (SUS). A expectativa, por\u00e9m, \u00e9 que o medicamento, que \u00e9 importado, s\u00f3 esteja dispon\u00edvel na rede em outubro, conforme informado \u00e0 \u00e9poca da assinatura da portaria, e confirmado nesta segunda pelo Minist\u00e9rio da Sa\u00fade.<\/p>\n<p><img decoding=\"async\" src=\"http:\/\/aconteceunovale.com.br\/portal\/wp-content\/uploads\/2019\/07\/pai_preso.jpg\" alt=\"\" \/><em>Foto: Reprodu\u00e7\u00e3o\/Facebook<\/em><br \/>\n<\/br><\/p>\n<p><strong>VER PRIMEIRO<\/strong><\/p>\n<p>Receba as not\u00edcias do Aconteceu no Vale em primeira m\u00e3o. Clique em curtir no endere\u00e7o <a href=\"https:\/\/www.facebook.com\/aconteceunovale\" target=\"_blank\"><font color=\"red\">www.facebook.com\/aconteceunovale<\/font><\/a> ou no box abaixo:<\/p>\n<div class=\"fb-like\" data-href=\"https:\/\/www.facebook.com\/aconteceunovale\" data-width=\"120\" data-layout=\"standard\" data-action=\"like\" data-size=\"small\" data-show-faces=\"true\" data-share=\"true\"><\/div>\n<p><!-- Erro, o An\u00fancio n\u00e3o est\u00e1 dispon\u00edvel neste momento devido \u00e0s restri\u00e7\u00f5es de agendamento\/geolocaliza\u00e7\u00e3o! --><br \/>\n<\/br><\/p>\n<p><em>(Fonte: Itatiaia\/Ag\u00eancia Estado)<\/em><\/p>\n","protected":false},"excerpt":{"rendered":"<p>Um morador de Conselheiro Lafaiete, na regi\u00e3o central de Minas Gerais, foi preso nesta segunda-feira em Salvador, na Bahia, suspeito de gastar recursos arrecadados em campanha feita pelas redes sociais para o tratamento do filho de um ano e sete meses, que tem atrofia muscular espinhal (AME). A Pol\u00edcia Civil afirma que a campanha resultou [&hellip;]<\/p>\n","protected":false},"author":1,"featured_media":149723,"comment_status":"open","ping_status":"closed","sticky":false,"template":"","format":"standard","meta":{"amp_status":"","footnotes":""},"categories":[6,123],"tags":[203766,203767,1528,116351,185976,34259,203768,203769,6531,203765],"class_list":["post-149722","post","type-post","status-publish","format-standard","has-post-thumbnail","hentry","category-br","category-gerais","tag-ame","tag-atrofia-muscular-espinhal","tag-conselheiro-lafaiete","tag-joao-miguel","tag-luiz-henrique-mandetta","tag-ministro-da-saude","tag-pai-e-preso-suspeito-de-pegar-r-1-milhao-que-seria-para-tratamento-do-filho-com-doenca-grave","tag-pai-joao-miguel","tag-salvador","tag-spinraza"],"_links":{"self":[{"href":"https:\/\/aconteceunovale.com.br\/portal\/index.php?rest_route=\/wp\/v2\/posts\/149722","targetHints":{"allow":["GET"]}}],"collection":[{"href":"https:\/\/aconteceunovale.com.br\/portal\/index.php?rest_route=\/wp\/v2\/posts"}],"about":[{"href":"https:\/\/aconteceunovale.com.br\/portal\/index.php?rest_route=\/wp\/v2\/types\/post"}],"author":[{"embeddable":true,"href":"https:\/\/aconteceunovale.com.br\/portal\/index.php?rest_route=\/wp\/v2\/users\/1"}],"replies":[{"embeddable":true,"href":"https:\/\/aconteceunovale.com.br\/portal\/index.php?rest_route=%2Fwp%2Fv2%2Fcomments&post=149722"}],"version-history":[{"count":0,"href":"https:\/\/aconteceunovale.com.br\/portal\/index.php?rest_route=\/wp\/v2\/posts\/149722\/revisions"}],"wp:featuredmedia":[{"embeddable":true,"href":"https:\/\/aconteceunovale.com.br\/portal\/index.php?rest_route=\/wp\/v2\/media\/149723"}],"wp:attachment":[{"href":"https:\/\/aconteceunovale.com.br\/portal\/index.php?rest_route=%2Fwp%2Fv2%2Fmedia&parent=149722"}],"wp:term":[{"taxonomy":"category","embeddable":true,"href":"https:\/\/aconteceunovale.com.br\/portal\/index.php?rest_route=%2Fwp%2Fv2%2Fcategories&post=149722"},{"taxonomy":"post_tag","embeddable":true,"href":"https:\/\/aconteceunovale.com.br\/portal\/index.php?rest_route=%2Fwp%2Fv2%2Ftags&post=149722"}],"curies":[{"name":"wp","href":"https:\/\/api.w.org\/{rel}","templated":true}]}}