{"id":149681,"date":"2019-07-23T21:16:36","date_gmt":"2019-07-23T23:16:36","guid":{"rendered":"http:\/\/aconteceunovale.com.br\/portal\/?p=149681"},"modified":"2019-07-23T21:21:16","modified_gmt":"2019-07-23T23:21:16","slug":"homem-e-cruelmente-assassinado-em-sao-francisco-no-norte-de-minas","status":"publish","type":"post","link":"https:\/\/aconteceunovale.com.br\/portal\/?p=149681","title":{"rendered":"Homem \u00e9 cruelmente assassinado em S\u00e3o Francisco, no Norte de Minas"},"content":{"rendered":"<p>Na \u00faltima sexta-feira (19\/07\/2019), familiares procuraram a Pol\u00edcia Militar (PM) para registrar o desaparecimento de Carl\u00facio Ribeiro dos Santos, de 43 anos, que havia sa\u00eddo para ir ao s\u00edtio e sumiu. Na manh\u00e3 desta segunda-feira, 27 de julho, a agonia da procura terminou com uma triste not\u00edcia. Carlucio foi encontrado morto com marcas de tiros e agress\u00f5es na zona rural de S\u00e3o Francisco, no Norte de Minas.<br \/>\n<center><br \/>\n<!-- Erro, o An\u00fancio n\u00e3o est\u00e1 dispon\u00edvel neste momento devido \u00e0s restri\u00e7\u00f5es de agendamento\/geolocaliza\u00e7\u00e3o! --><br \/>\n<\/br><br \/>\n<\/center><br \/>\nSegundo ainda a Pol\u00edcia, o corpo estava pr\u00f3ximo a um c\u00f3rrego, parcialmente carbonizado, e foi encontrado por moradores da comunidade de Santa Justa. Equipes das Pol\u00edcias Militar e Civil da cidade no Norte de Minas come\u00e7aram os levantamentos sobre poss\u00edveis suspeitos de envolvimento no crime e chegaram at\u00e9 um casal, vizinho da v\u00edtima.<\/p>\n<p>Segundo a Pol\u00edcia, o homem de 47 anos e a esposa, de 38, estavam tentando fugir para a cidade de Bocaiuva, onde pretendiam se esconder na casa de familiares.<\/p>\n<p>O homem suspeito de ter cometido o assassinato contou \u00e0 pol\u00edcia que cometeu o crime ap\u00f3s descobrir que Carlucio estaria mantendo um relacionamento extraconjugal com a companheira. Com isso o homem matou a v\u00edtima e, com aux\u00edlio de um cavalo, transportou o corpo e desovou 6km de dist\u00e2ncia do local do homic\u00eddio. Na tentativa de desvencilhar de qualquer prova, o suspeito e a esposa ainda enterraram os pertences da v\u00edtima em locais distintos.<\/p>\n<p>O casal foi preso pr\u00f3ximo de Montes Claros em um carro fretado. O filho dos suspeitos tamb\u00e9m estava no autom\u00f3vel e foi levado para a casa de parentes.<\/p>\n<p>Os suspeitos foram encaminhados \u00e0 Delegacia de Pol\u00edcia Civil de Janu\u00e1ria. O corpo foi levado para o Instituto M\u00e9dico Legal (IML) para exames.<\/p>\n<p><em>Leandro Silva | Aconteceu no Vale<br \/>\nPublicado em: 23\/07\/2019, \u00e0s 20h16<\/em><\/p>\n<p><strong>VER PRIMEIRO<\/strong><\/p>\n<p>Receba as not\u00edcias do Aconteceu no Vale em primeira m\u00e3o. Clique em curtir no endere\u00e7o <a href=\"https:\/\/www.facebook.com\/aconteceunovale\" target=\"_blank\"><font color=\"red\">www.facebook.com\/aconteceunovale<\/font><\/a> ou no box abaixo:<\/p>\n<div class=\"fb-like\" data-href=\"https:\/\/www.facebook.com\/aconteceunovale\" data-width=\"120\" data-layout=\"standard\" data-action=\"like\" data-size=\"small\" data-show-faces=\"true\" data-share=\"true\"><\/div>\n<p><!-- Erro, o An\u00fancio n\u00e3o est\u00e1 dispon\u00edvel neste momento devido \u00e0s restri\u00e7\u00f5es de agendamento\/geolocaliza\u00e7\u00e3o! --><br \/>\n<\/br><\/p>\n","protected":false},"excerpt":{"rendered":"<p>Na \u00faltima sexta-feira (19\/07\/2019), familiares procuraram a Pol\u00edcia Militar (PM) para registrar o desaparecimento de Carl\u00facio Ribeiro dos Santos, de 43 anos, que havia sa\u00eddo para ir ao s\u00edtio e sumiu. Na manh\u00e3 desta segunda-feira, 27 de julho, a agonia da procura terminou com uma triste not\u00edcia. Carlucio foi encontrado morto com marcas de tiros [&hellip;]<\/p>\n","protected":false},"author":1,"featured_media":71442,"comment_status":"open","ping_status":"closed","sticky":false,"template":"","format":"standard","meta":{"amp_status":"","footnotes":""},"categories":[1236],"tags":[116733,645,203719,203716,203717,203718,116732,210,122220,33228,1522],"class_list":["post-149681","post","type-post","status-publish","format-standard","has-post-thumbnail","hentry","category-norte_de_minas","tag-assassinado-em-sao-francisco","tag-bocaiuva","tag-carlucio-ribeiro-dos-santos","tag-homem-e-cruelmente-assassinado-em-sao-francisco","tag-homem-e-cruelmente-assassinado-em-sao-francisco-no-norte-de-minas","tag-homem-morto-em-sao-francisco","tag-homicidio-em-sao-francisco","tag-montes-claros","tag-morto-em-sao-francisco","tag-no-norte-de-minas","tag-sao-francisco"],"_links":{"self":[{"href":"https:\/\/aconteceunovale.com.br\/portal\/index.php?rest_route=\/wp\/v2\/posts\/149681","targetHints":{"allow":["GET"]}}],"collection":[{"href":"https:\/\/aconteceunovale.com.br\/portal\/index.php?rest_route=\/wp\/v2\/posts"}],"about":[{"href":"https:\/\/aconteceunovale.com.br\/portal\/index.php?rest_route=\/wp\/v2\/types\/post"}],"author":[{"embeddable":true,"href":"https:\/\/aconteceunovale.com.br\/portal\/index.php?rest_route=\/wp\/v2\/users\/1"}],"replies":[{"embeddable":true,"href":"https:\/\/aconteceunovale.com.br\/portal\/index.php?rest_route=%2Fwp%2Fv2%2Fcomments&post=149681"}],"version-history":[{"count":0,"href":"https:\/\/aconteceunovale.com.br\/portal\/index.php?rest_route=\/wp\/v2\/posts\/149681\/revisions"}],"wp:featuredmedia":[{"embeddable":true,"href":"https:\/\/aconteceunovale.com.br\/portal\/index.php?rest_route=\/wp\/v2\/media\/71442"}],"wp:attachment":[{"href":"https:\/\/aconteceunovale.com.br\/portal\/index.php?rest_route=%2Fwp%2Fv2%2Fmedia&parent=149681"}],"wp:term":[{"taxonomy":"category","embeddable":true,"href":"https:\/\/aconteceunovale.com.br\/portal\/index.php?rest_route=%2Fwp%2Fv2%2Fcategories&post=149681"},{"taxonomy":"post_tag","embeddable":true,"href":"https:\/\/aconteceunovale.com.br\/portal\/index.php?rest_route=%2Fwp%2Fv2%2Ftags&post=149681"}],"curies":[{"name":"wp","href":"https:\/\/api.w.org\/{rel}","templated":true}]}}