{"id":149676,"date":"2019-07-23T20:49:51","date_gmt":"2019-07-23T22:49:51","guid":{"rendered":"http:\/\/aconteceunovale.com.br\/portal\/?p=149676"},"modified":"2019-07-23T20:49:51","modified_gmt":"2019-07-23T22:49:51","slug":"ans-limita-reajuste-de-planos-de-saude-individuais-e-familiares-a-73","status":"publish","type":"post","link":"https:\/\/aconteceunovale.com.br\/portal\/?p=149676","title":{"rendered":"ANS limita reajuste de planos de sa\u00fade individuais e familiares a 7,3%"},"content":{"rendered":"<p>O reajuste anual dos planos de sa\u00fade individuais e familiares com anivers\u00e1rio entre maio de 2019 e abril de 2020 n\u00e3o poder\u00e1 ultrapassar 7,35%. O limite foi anunciado hoje (23) pela Ag\u00eancia Nacional de Sa\u00fade Suplementar (ANS) e ser\u00e1 publicada no Di\u00e1rio Oficial da Uni\u00e3o de amanh\u00e3 (24).<br \/>\n<center><br \/>\n<!-- Erro, o An\u00fancio n\u00e3o est\u00e1 dispon\u00edvel neste momento devido \u00e0s restri\u00e7\u00f5es de agendamento\/geolocaliza\u00e7\u00e3o! --><br \/>\n<\/br><br \/>\n<\/center><br \/>\nA ANS mudou a metodologia do c\u00e1lculo que define o limite do reajuste, ap\u00f3s oito anos de estudos e discuss\u00f5es com o setor e a sociedade. Pela primeira vez, a ag\u00eancia combinou o \u00cdndice de Valor das Despesas Assistenciais (IVDA), calculado por ela pr\u00f3pria, com o \u00cdndice de Pre\u00e7os ao Consumidor Amplo (IPCA), sem o subitem plano de sa\u00fade. O IPCA \u00e9 o indicador oficial que mede a infla\u00e7\u00e3o na economia brasileira e \u00e9 divulgado mensalmente pelo Instituto Brasileiro de Geografia e Estat\u00edstica (IBGE).<\/p>\n<p>O IVDA mede a varia\u00e7\u00e3o dos custos com atendimento aos benefici\u00e1rios de planos de sa\u00fade e tem peso de 80% nessa nova metodologia da ANS. J\u00e1 o IPCA (sem o subitem planos de sa\u00fade) tem peso de 20% e serve para considerar os custos das operadoras com despesas de outras naturezas, como as administrativas. <\/p>\n<p>O percentual m\u00e1ximo para reajuste autorizado para 2019 \u00e9 o menor desde 2010. No ano passado, a ag\u00eancia autorizou reajustes de at\u00e9 10% para os planos individuais e familiares, e, nos tr\u00eas anos anteriores, o reajuste m\u00e1ximo ficou na casa dos 13%.<\/p>\n<p>A ag\u00eancia orienta os benefici\u00e1rios a observarem se os reajustes aplicados ser\u00e3o iguais ou inferiores a esse limite e se a cobran\u00e7a reajustada est\u00e1 sendo feita a partir do m\u00eas de anivers\u00e1rio do contrato.  <\/p>\n<p>Segundo dados da ag\u00eancia reguladora, em 2018 o n\u00famero de procedimentos realizados com a cobertura dos planos de sa\u00fade aumentou 5,4%, enquanto o n\u00famero de benefici\u00e1rios permaneceu praticamente est\u00e1vel, variando de 47,15 milh\u00f5es em 2017 para 47,26 milh\u00f5es em 2018. <\/p>\n<p>O limite de reajuste \u00e9 v\u00e1lido para os planos de sa\u00fade individuais ou familiares m\u00e9dico-hospitalares contratados a partir de janeiro de 1999 ou adaptados \u00e0 Lei n\u00ba 9.656\/98. Esse grupo inclui atualmente 17% do total de benefici\u00e1rios em planos de assist\u00eancia m\u00e9dica &#8211; aproximadamente 8 milh\u00f5es de usu\u00e1rios. <\/p>\n<p><strong>VER PRIMEIRO<\/strong><\/p>\n<p>Receba as not\u00edcias do Aconteceu no Vale em primeira m\u00e3o. Clique em curtir no endere\u00e7o <a href=\"https:\/\/www.facebook.com\/aconteceunovale\" target=\"_blank\"><font color=\"red\">www.facebook.com\/aconteceunovale<\/font><\/a> ou no box abaixo:<\/p>\n<div class=\"fb-like\" data-href=\"https:\/\/www.facebook.com\/aconteceunovale\" data-width=\"120\" data-layout=\"standard\" data-action=\"like\" data-size=\"small\" data-show-faces=\"true\" data-share=\"true\"><\/div>\n<p><!-- Erro, o An\u00fancio n\u00e3o est\u00e1 dispon\u00edvel neste momento devido \u00e0s restri\u00e7\u00f5es de agendamento\/geolocaliza\u00e7\u00e3o! --><br \/>\n<\/br><\/p>\n<p><em>(Fonte: Ag\u00eancia Brasil)<\/em><\/p>\n","protected":false},"excerpt":{"rendered":"<p>O reajuste anual dos planos de sa\u00fade individuais e familiares com anivers\u00e1rio entre maio de 2019 e abril de 2020 n\u00e3o poder\u00e1 ultrapassar 7,35%. O limite foi anunciado hoje (23) pela Ag\u00eancia Nacional de Sa\u00fade Suplementar (ANS) e ser\u00e1 publicada no Di\u00e1rio Oficial da Uni\u00e3o de amanh\u00e3 (24). A ANS mudou a metodologia do c\u00e1lculo [&hellip;]<\/p>\n","protected":false},"author":1,"featured_media":65623,"comment_status":"open","ping_status":"closed","sticky":false,"template":"","format":"standard","meta":{"amp_status":"","footnotes":""},"categories":[6,40242],"tags":[22751,203709,203708,22750,176237],"class_list":["post-149676","post","type-post","status-publish","format-standard","has-post-thumbnail","hentry","category-br","category-saude-2","tag-ans","tag-ans-limita-reajuste-de-planos-de-saude-individuais-e-familiares","tag-ans-limita-reajuste-de-planos-de-saude-individuais-e-familiares-a-7","tag-planos-de-saude","tag-reajuste-planos-de-saude"],"_links":{"self":[{"href":"https:\/\/aconteceunovale.com.br\/portal\/index.php?rest_route=\/wp\/v2\/posts\/149676","targetHints":{"allow":["GET"]}}],"collection":[{"href":"https:\/\/aconteceunovale.com.br\/portal\/index.php?rest_route=\/wp\/v2\/posts"}],"about":[{"href":"https:\/\/aconteceunovale.com.br\/portal\/index.php?rest_route=\/wp\/v2\/types\/post"}],"author":[{"embeddable":true,"href":"https:\/\/aconteceunovale.com.br\/portal\/index.php?rest_route=\/wp\/v2\/users\/1"}],"replies":[{"embeddable":true,"href":"https:\/\/aconteceunovale.com.br\/portal\/index.php?rest_route=%2Fwp%2Fv2%2Fcomments&post=149676"}],"version-history":[{"count":0,"href":"https:\/\/aconteceunovale.com.br\/portal\/index.php?rest_route=\/wp\/v2\/posts\/149676\/revisions"}],"wp:featuredmedia":[{"embeddable":true,"href":"https:\/\/aconteceunovale.com.br\/portal\/index.php?rest_route=\/wp\/v2\/media\/65623"}],"wp:attachment":[{"href":"https:\/\/aconteceunovale.com.br\/portal\/index.php?rest_route=%2Fwp%2Fv2%2Fmedia&parent=149676"}],"wp:term":[{"taxonomy":"category","embeddable":true,"href":"https:\/\/aconteceunovale.com.br\/portal\/index.php?rest_route=%2Fwp%2Fv2%2Fcategories&post=149676"},{"taxonomy":"post_tag","embeddable":true,"href":"https:\/\/aconteceunovale.com.br\/portal\/index.php?rest_route=%2Fwp%2Fv2%2Ftags&post=149676"}],"curies":[{"name":"wp","href":"https:\/\/api.w.org\/{rel}","templated":true}]}}