{"id":149660,"date":"2019-07-23T14:23:25","date_gmt":"2019-07-23T16:23:25","guid":{"rendered":"http:\/\/aconteceunovale.com.br\/portal\/?p=149660"},"modified":"2019-07-23T14:23:25","modified_gmt":"2019-07-23T16:23:25","slug":"acordo-de-indenizacao-sera-homologado-em-mariana","status":"publish","type":"post","link":"https:\/\/aconteceunovale.com.br\/portal\/?p=149660","title":{"rendered":"Acordo de indeniza\u00e7\u00e3o ser\u00e1 homologado em Mariana"},"content":{"rendered":"<p>Mariana ser\u00e1 palco nesta quarta-feira, 24 de julho, da homologa\u00e7\u00e3o de 83 acordos pr\u00e9-processuais entre os atingidos pelo rompimento da barragem de Fund\u00e3o\u00a0e a Funda\u00e7\u00e3o Renova, que representa os interesses da mineradora Samarco, BHP\u00a0Billiton e Vale. O acordo ser\u00e1 ratificado\u00a0pela 3\u00aa vice-presidente do Tribunal de Justi\u00e7a de Minas Gerais (TJMG), desembargadora Mariangela Meyer e pela ju\u00edza Marcela Oliveira Decat de Moura, ju\u00edza coordenadora do Centro Judici\u00e1rio de Solu\u00e7\u00e3o de Conflitos e Cidadania (Cejusc) da comarca de Mariana.<br \/>\n<center><br \/>\n<!-- Erro, o An\u00fancio n\u00e3o est\u00e1 dispon\u00edvel neste momento devido \u00e0s restri\u00e7\u00f5es de agendamento\/geolocaliza\u00e7\u00e3o! --><br \/>\n<\/br><br \/>\n<\/center><br \/>\nA solenidade est\u00e1 marcada para \u00e0s 9 horas no Teatro Municipal, Rua Frei Dur\u00e3o, n\u00ba 22, centro de Mariana.Os acordos que ser\u00e3o homologados s\u00e3o individualizados, com valores espec\u00edficos para cada atingido (ou representantes). Tal procedimento exclui estas v\u00edtimas de a\u00e7\u00e3o civil p\u00fablica, que tramita na 2\u00aa Vara C\u00edvel, Criminal e de Execu\u00e7\u00f5es Penais, da comarca de Mariana. A a\u00e7\u00e3o foi proposta\u00a0pelo Minist\u00e9rio P\u00fablico Estadual contra a Samarco, BHP Billiton e Vale, para repara\u00e7\u00e3o dos danos socioecon\u00f4micos causados pelo rompimento da barragem.<\/p>\n<p>Na oportunidade, ser\u00e1 conclu\u00edda ainda a implanta\u00e7\u00e3o do Sistema Eletr\u00f4nico de Execu\u00e7\u00e3o Unificado (SEEU) na comarca,\u00a0que migra para o meio eletr\u00f4nico os autos f\u00edsicos de execu\u00e7\u00e3o penal. O sistema controla toda a tramita\u00e7\u00e3o dos processos com informa\u00e7\u00f5es atualizadas sobre o cumprimento da pena, como abatimento de dias, livramento condicional e progress\u00e3o de regime.<\/p>\n<p><em>Servi\u00e7o:<\/em><\/p>\n<p><em>Homologa\u00e7\u00e3o de acordos pr\u00e9-processuais atingidos pela barragem de Fund\u00e3o\/Samarco<\/em><\/p>\n<p><em>Consolida\u00e7\u00e3o do sistema SEEU<\/em><\/p>\n<p><em>Local: Teatro Municipal, Rua Frei Dur\u00e3o, n\u00ba 22, centro de Mariana.<\/em><\/p>\n<p><em>Hor\u00e1rio: 9 horas<\/em><\/p>\n<p><strong>VER PRIMEIRO<\/strong><\/p>\n<p>Receba as not\u00edcias do Aconteceu no Vale em primeira m\u00e3o. Clique em curtir no endere\u00e7o <a href=\"https:\/\/www.facebook.com\/aconteceunovale\" target=\"_blank\"><font color=\"red\">www.facebook.com\/aconteceunovale<\/font><\/a> ou no box abaixo:<\/p>\n<div class=\"fb-like\" data-href=\"https:\/\/www.facebook.com\/aconteceunovale\" data-width=\"120\" data-layout=\"standard\" data-action=\"like\" data-size=\"small\" data-show-faces=\"true\" data-share=\"true\"><\/div>\n<p><!-- Erro, o An\u00fancio n\u00e3o est\u00e1 dispon\u00edvel neste momento devido \u00e0s restri\u00e7\u00f5es de agendamento\/geolocaliza\u00e7\u00e3o! --><br \/>\n<\/br><\/p>\n<p><em>(Fonte: TJMG)<\/em><\/p>\n","protected":false},"excerpt":{"rendered":"<p>Mariana ser\u00e1 palco nesta quarta-feira, 24 de julho, da homologa\u00e7\u00e3o de 83 acordos pr\u00e9-processuais entre os atingidos pelo rompimento da barragem de Fund\u00e3o\u00a0e a Funda\u00e7\u00e3o Renova, que representa os interesses da mineradora Samarco, BHP\u00a0Billiton e Vale. O acordo ser\u00e1 ratificado\u00a0pela 3\u00aa vice-presidente do Tribunal de Justi\u00e7a de Minas Gerais (TJMG), desembargadora Mariangela Meyer e pela [&hellip;]<\/p>\n","protected":false},"author":1,"featured_media":149661,"comment_status":"open","ping_status":"closed","sticky":false,"template":"","format":"standard","meta":{"amp_status":"","footnotes":""},"categories":[123],"tags":[203681,203680,65265,59520,122011,7363,2910,203682],"class_list":["post-149660","post","type-post","status-publish","format-standard","has-post-thumbnail","hentry","category-gerais","tag-acordo-de-indenizacao-mariana","tag-acordo-de-indenizacao-sera-homologado-em-mariana","tag-barragem-de-fundao","tag-bento-rodrigues","tag-fundacao-renova","tag-mariana","tag-vale","tag-vale-mariana"],"_links":{"self":[{"href":"https:\/\/aconteceunovale.com.br\/portal\/index.php?rest_route=\/wp\/v2\/posts\/149660","targetHints":{"allow":["GET"]}}],"collection":[{"href":"https:\/\/aconteceunovale.com.br\/portal\/index.php?rest_route=\/wp\/v2\/posts"}],"about":[{"href":"https:\/\/aconteceunovale.com.br\/portal\/index.php?rest_route=\/wp\/v2\/types\/post"}],"author":[{"embeddable":true,"href":"https:\/\/aconteceunovale.com.br\/portal\/index.php?rest_route=\/wp\/v2\/users\/1"}],"replies":[{"embeddable":true,"href":"https:\/\/aconteceunovale.com.br\/portal\/index.php?rest_route=%2Fwp%2Fv2%2Fcomments&post=149660"}],"version-history":[{"count":0,"href":"https:\/\/aconteceunovale.com.br\/portal\/index.php?rest_route=\/wp\/v2\/posts\/149660\/revisions"}],"wp:featuredmedia":[{"embeddable":true,"href":"https:\/\/aconteceunovale.com.br\/portal\/index.php?rest_route=\/wp\/v2\/media\/149661"}],"wp:attachment":[{"href":"https:\/\/aconteceunovale.com.br\/portal\/index.php?rest_route=%2Fwp%2Fv2%2Fmedia&parent=149660"}],"wp:term":[{"taxonomy":"category","embeddable":true,"href":"https:\/\/aconteceunovale.com.br\/portal\/index.php?rest_route=%2Fwp%2Fv2%2Fcategories&post=149660"},{"taxonomy":"post_tag","embeddable":true,"href":"https:\/\/aconteceunovale.com.br\/portal\/index.php?rest_route=%2Fwp%2Fv2%2Ftags&post=149660"}],"curies":[{"name":"wp","href":"https:\/\/api.w.org\/{rel}","templated":true}]}}