{"id":149619,"date":"2019-07-14T20:05:39","date_gmt":"2019-07-14T22:05:39","guid":{"rendered":"http:\/\/aconteceunovale.com.br\/portal\/?p=149619"},"modified":"2019-07-14T20:05:39","modified_gmt":"2019-07-14T22:05:39","slug":"termina-nesta-segunda-prazo-para-retorno-de-pequenas-empresas-ao-simples","status":"publish","type":"post","link":"https:\/\/aconteceunovale.com.br\/portal\/?p=149619","title":{"rendered":"Termina nesta segunda prazo para retorno de pequenas empresas ao Simples"},"content":{"rendered":"<p>O prazo para que as micro e pequenas empresas (MPE) exclu\u00eddas do Simples Nacional solicitem retorno ao sistema termina nesta segunda-feira (15). A orienta\u00e7\u00e3o consta da\u00a0<span style=\"color: #ff6600;\"><a href=\"http:\/\/www8.receita.fazenda.gov.br\/SimplesNacional\/Noticias\/NoticiaCompleta.aspx?id=c1a272d4-1d0b-4f4f-8b80-13ced968a24b\" target=\"_blank\"><span style=\"color: #ff6600;\">Resolu\u00e7\u00e3o n\u00ba 146<\/span><\/a><\/span>, do\u00a0Comit\u00ea Gestor do Simples Nacional, da Receita Federal.<br \/>\n<center><br \/>\n<!-- Erro, o An\u00fancio n\u00e3o est\u00e1 dispon\u00edvel neste momento devido \u00e0s restri\u00e7\u00f5es de agendamento\/geolocaliza\u00e7\u00e3o! --><br \/>\n<\/br><br \/>\n<\/center><br \/>\nO Simples Nacional \u00e9 regime tribut\u00e1rio diferenciado, que\u00a0re\u00fane, em um \u00fanico documento de\u00a0arrecada\u00e7\u00e3o,\u00a0os principais tributos federais, estaduais, municipais e previdenci\u00e1rios devidos \u00e0s MPEs.<\/p>\n<p>Conforme detalha a resolu\u00e7\u00e3o, a\u00a0possibilidade de retorno se aplica a neg\u00f3cios de pequeno porte que tenham sido retirados do sistema em 1\u00ba de janeiro de 2018. A outra condi\u00e7\u00e3o \u00e9 de que\u00a0tenham aderido ao Programa Especial de Regulariza\u00e7\u00e3o Tribut\u00e1ria das Microempresas e Empresas de Pequeno Porte optantes pelo Simples Nacional (Pert-SN). \u00c9 necess\u00e1rio ainda que a MPE n\u00e3o apresente\u00a0nenhuma das restri\u00e7\u00f5es previstas na\u00a0Lei Complementar n\u00ba 123, de 14 de dezembro de 2006.<\/p>\n<p>De acordo com a lei, n\u00e3o podem aderir ao Simples Nacional, por exemplo, empreendimentos que\u00a0trabalhem com\u00a0importa\u00e7\u00e3o ou fabrica\u00e7\u00e3o de autom\u00f3veis e motocicletas. Atacadistas de\u00a0cigarros, armas de fogo, p\u00f3lvoras e explosivos tamb\u00e9m entram na categoria daqueles que n\u00e3o est\u00e3o habilitados \u00e0 inscri\u00e7\u00e3o.<\/p>\n<p>Foi publicada em 03 de julho de 2019 a Resolu\u00e7\u00e3o do Comit\u00ea Gestor do Simples Nacional (CGSN) n\u00ba 146, de 26 de junho de 2019, que regulamentou a possibilidade de as empresas exclu\u00eddas do Simples Nacional em 1\u00ba de janeiro de 2018 poderem realizar nova op\u00e7\u00e3o por esse regime. A nova op\u00e7\u00e3o foi autorizada de forma extraordin\u00e1ria pela Lei Complementar n\u00ba 168, publicada em 12 de junho de 2019.<\/p>\n<p><strong>VER PRIMEIRO<\/strong><\/p>\n<p>Receba as not\u00edcias do Aconteceu no Vale em primeira m\u00e3o. Clique em curtir no endere\u00e7o <a href=\"https:\/\/www.facebook.com\/aconteceunovale\" target=\"_blank\"><font color=\"red\">www.facebook.com\/aconteceunovale<\/font><\/a> ou no box abaixo:<\/p>\n<div class=\"fb-like\" data-href=\"https:\/\/www.facebook.com\/aconteceunovale\" data-width=\"120\" data-layout=\"standard\" data-action=\"like\" data-size=\"small\" data-show-faces=\"true\" data-share=\"true\"><\/div>\n<p><!-- Erro, o An\u00fancio n\u00e3o est\u00e1 dispon\u00edvel neste momento devido \u00e0s restri\u00e7\u00f5es de agendamento\/geolocaliza\u00e7\u00e3o! --><br \/>\n<\/br><\/p>\n<p><em>(Fonte: Ag\u00eancia Brasil)<\/em><\/p>\n","protected":false},"excerpt":{"rendered":"<p>O prazo para que as micro e pequenas empresas (MPE) exclu\u00eddas do Simples Nacional solicitem retorno ao sistema termina nesta segunda-feira (15). A orienta\u00e7\u00e3o consta da\u00a0Resolu\u00e7\u00e3o n\u00ba 146, do\u00a0Comit\u00ea Gestor do Simples Nacional, da Receita Federal. O Simples Nacional \u00e9 regime tribut\u00e1rio diferenciado, que\u00a0re\u00fane, em um \u00fanico documento de\u00a0arrecada\u00e7\u00e3o,\u00a0os principais tributos federais, estaduais, municipais e [&hellip;]<\/p>\n","protected":false},"author":1,"featured_media":75536,"comment_status":"open","ping_status":"closed","sticky":false,"template":"","format":"standard","meta":{"amp_status":"","footnotes":""},"categories":[6],"tags":[203626,203630,203627,203629,28130,203628],"class_list":["post-149619","post","type-post","status-publish","format-standard","has-post-thumbnail","hentry","category-br","tag-empresas-excluidas","tag-prazo-para-retorno-de-pequenas-empresas-ao-simples","tag-regularizacao-de-debitos","tag-retorno-de-pequenas-empresas-ao-simples","tag-simples-nacional","tag-termina-nesta-segunda-prazo-para-retorno-de-pequenas-empresas-ao-simples"],"_links":{"self":[{"href":"https:\/\/aconteceunovale.com.br\/portal\/index.php?rest_route=\/wp\/v2\/posts\/149619","targetHints":{"allow":["GET"]}}],"collection":[{"href":"https:\/\/aconteceunovale.com.br\/portal\/index.php?rest_route=\/wp\/v2\/posts"}],"about":[{"href":"https:\/\/aconteceunovale.com.br\/portal\/index.php?rest_route=\/wp\/v2\/types\/post"}],"author":[{"embeddable":true,"href":"https:\/\/aconteceunovale.com.br\/portal\/index.php?rest_route=\/wp\/v2\/users\/1"}],"replies":[{"embeddable":true,"href":"https:\/\/aconteceunovale.com.br\/portal\/index.php?rest_route=%2Fwp%2Fv2%2Fcomments&post=149619"}],"version-history":[{"count":0,"href":"https:\/\/aconteceunovale.com.br\/portal\/index.php?rest_route=\/wp\/v2\/posts\/149619\/revisions"}],"wp:featuredmedia":[{"embeddable":true,"href":"https:\/\/aconteceunovale.com.br\/portal\/index.php?rest_route=\/wp\/v2\/media\/75536"}],"wp:attachment":[{"href":"https:\/\/aconteceunovale.com.br\/portal\/index.php?rest_route=%2Fwp%2Fv2%2Fmedia&parent=149619"}],"wp:term":[{"taxonomy":"category","embeddable":true,"href":"https:\/\/aconteceunovale.com.br\/portal\/index.php?rest_route=%2Fwp%2Fv2%2Fcategories&post=149619"},{"taxonomy":"post_tag","embeddable":true,"href":"https:\/\/aconteceunovale.com.br\/portal\/index.php?rest_route=%2Fwp%2Fv2%2Ftags&post=149619"}],"curies":[{"name":"wp","href":"https:\/\/api.w.org\/{rel}","templated":true}]}}