{"id":149561,"date":"2019-07-08T23:48:21","date_gmt":"2019-07-09T01:48:21","guid":{"rendered":"http:\/\/aconteceunovale.com.br\/portal\/?p=149561"},"modified":"2019-07-08T23:48:21","modified_gmt":"2019-07-09T01:48:21","slug":"descoberta-de-brasileiros-pode-mudar-historia-da-humanidade","status":"publish","type":"post","link":"https:\/\/aconteceunovale.com.br\/portal\/?p=149561","title":{"rendered":"Descoberta de brasileiros pode mudar hist\u00f3ria da humanidade"},"content":{"rendered":"<p>Uma equipe de pesquisadores brasileiros e italianos encontrou materiais que teriam 2,4 milh\u00f5es de anos em um s\u00edtio arqueol\u00f3gico na Jord\u00e2nia. A descoberta coloca novos elementos que podem mudar o conhecimento consolidado sobre o desenvolvimento da humanidade e das din\u00e2micas de migra\u00e7\u00e3o do g\u00eanero homo a partir da \u00c1frica para outras regi\u00f5es do planeta. O resultado do estudo foi divulgado em uma revista cient\u00edfica.<br \/>\n<center><br \/>\n<!-- Erro, o An\u00fancio n\u00e3o est\u00e1 dispon\u00edvel neste momento devido \u00e0s restri\u00e7\u00f5es de agendamento\/geolocaliza\u00e7\u00e3o! --><br \/>\n<\/br><br \/>\n<\/center><br \/>\nNos debates acad\u00eamicos, a tese predominante, em que pese pol\u00eamicas e hip\u00f3teses divergentes, d\u00e1 conta que o g\u00eanero\u00a0<em>homo<\/em>\u00a0surgiu h\u00e1 cerca de 2,4 milh\u00f5es de anos na \u00c1frica, tendo como primeiro representante o\u00a0<em>homo habilis<\/em>. H\u00e1 2 milh\u00f5es de anos, teria surgido o\u00a0<em>homo erectus<\/em>.<\/p>\n<p>As primeiras evid\u00eancias da presen\u00e7a de homo erectus fora do continente africano ocorreu em um s\u00edtio arqueol\u00f3gico da Ge\u00f3rgia, datada de 1,8 milh\u00e3o de anos.<\/p>\n<p>Os pesquisadores n\u00e3o identificaram f\u00f3sseis, mas material de pedra lascada no s\u00edtio da Jord\u00e2nia.<\/p>\n<p>As escava\u00e7\u00f5es ocorreram entre 2013 e 2015. \u201cNa hora que um\u00a0<em>hom\u00edneo<\/em>\u00a0lascou. Isso quer dizer um evento de lascamento. Elas estavam localizadas em algum ponto a 20 cm uma da outra. \u00c9 muito poss\u00edvel que a gente n\u00e3o s\u00f3 tenha encontrado um s\u00edtio antigo, mas que ele tenha significado comportamental\u201d, disse o pesquisador do Museu de Arqueologia e Etnologia da USP (Universidade de S\u00e3o Paulo), Astolfo Ara\u00fajo.<\/p>\n<p>As primeiras amostras foram pegas em 2013, sendo\u00a0 submetidas a um m\u00e9todo segundo o qual pedras teriam cerca de cinco milh\u00f5es e o basalto mais baixo teria 2,5 milh\u00f5es.<\/p>\n<p><img decoding=\"async\" src=\"http:\/\/aconteceunovale.com.br\/portal\/wp-content\/uploads\/2019\/07\/descoberta_homo_1.jpg\" alt=\"\" \/><em>Foto: Cec\u00edlia Bastos\/USP Imagem<\/em><br \/>\n<\/br><\/p>\n<h2><strong>L\u00e2minas coletadas<\/strong><\/h2>\n<p>Segundo Giancarlo Scardia, da Universidade Federal de S\u00e3o Paulo (Unifesp), outros dois m\u00e9todos de data\u00e7\u00e3o foram aplicados em l\u00e2minas coletadas.<\/p>\n<p>\u201cTivemos cuidado para ter uma idade mais confi\u00e1vel. Os dados convergem para um modelo que n\u00e3o tem incongru\u00eancias\u201d, afirmou o pesquisador, em S\u00e3o Paulo.<\/p>\n<p>Segundo o coordenador da pesquisa, o professor do Instituto de Estudos Avan\u00e7ados da Universidade de S\u00e3o Paulo, Walter Neves, as descobertas demonstraram que o homem n\u00e3o deixou a \u00c1frica por volta de 1,9 milh\u00e3o, mas h\u00e1 2,4 milh\u00f5es de anos, e joga luz sobre qual teria sido a primeira modalidade do g\u00eanero\u00a0<em>homo<\/em>\u00a0a deixar o continente.<\/p>\n<p>\u201cN\u00f3s retrocedemos em 500 mil anos a sa\u00edda da \u00c1frica. Isso coloca uma pergunta: quem foi esse primeiro\u00a0<em>homin\u00edneo\u00a0<\/em>a deixar a \u00c1frica? O\u00a0<em>homo erectus<\/em>? Fica claro que o primeiro\u00a0<em>homin\u00edneo<\/em>\u00a0a deixar a \u00c1frica foi o\u00a0<em>homo habilis<\/em>. Veja como muda a perspectiva\u201d, declarou Neves.<\/p>\n<p>O cientista destacou que essa descoberta ajuda a compreender algumas reflex\u00f5es \u201cnebulosas\u201d nas pesquisas vigentes.<\/p>\n<p>\u201cNossa pesquisa vai ajudar a enterrar a discuss\u00e3o do que fazer com essa variabilidade tremenda que t\u00ednhamos na Ge\u00f3rgia. Era diferente porque a transi\u00e7\u00e3o entre habilis e erectus se deu na Ge\u00f3rgia. E depois disso se espalhou para o resto do mundo. A gente resolve um dos maiores pepinos da paleoantropologia dos \u00faltimos anos\u201d, disse.<\/p>\n<p>A \u00edntegra da pesquisa est\u00e1 publicada na revista\u00a0<span style=\"color: #ff6600;\"><a href=\"http:\/\/www.journals.elsevier.com\/quaternary-science-reviews\" target=\"_blank\"><span style=\"color: #ff6600;\"><em>Quaternary Science Reviews<\/em><\/span><\/a><\/span>.<\/p>\n<p><img decoding=\"async\" src=\"http:\/\/aconteceunovale.com.br\/portal\/wp-content\/uploads\/2019\/07\/descoberta_homo_2.jpg\" alt=\"\" \/><em>Professor Walter Neves: descobertas demonstram que o homem n\u00e3o deixou a \u00c1frica por volta de 1,9 milh\u00e3o, mas h\u00e1 2,4 milh\u00f5es de anos &#8211; Foto: Cec\u00edlia Bastos\/USP Imagem<\/em><br \/>\n<\/br><\/p>\n<p><strong>VER PRIMEIRO<\/strong><\/p>\n<p>Receba as not\u00edcias do Aconteceu no Vale em primeira m\u00e3o. Clique em curtir no endere\u00e7o <a href=\"https:\/\/www.facebook.com\/aconteceunovale\" target=\"_blank\"><font color=\"red\">www.facebook.com\/aconteceunovale<\/font><\/a> ou no box abaixo:<\/p>\n<div class=\"fb-like\" data-href=\"https:\/\/www.facebook.com\/aconteceunovale\" data-width=\"120\" data-layout=\"standard\" data-action=\"like\" data-size=\"small\" data-show-faces=\"true\" data-share=\"true\"><\/div>\n<p><!-- Erro, o An\u00fancio n\u00e3o est\u00e1 dispon\u00edvel neste momento devido \u00e0s restri\u00e7\u00f5es de agendamento\/geolocaliza\u00e7\u00e3o! --><br \/>\n<\/br><\/p>\n<p><em>(Fonte: Ag\u00eancia Brasil)<\/em><\/p>\n","protected":false},"excerpt":{"rendered":"<p>Uma equipe de pesquisadores brasileiros e italianos encontrou materiais que teriam 2,4 milh\u00f5es de anos em um s\u00edtio arqueol\u00f3gico na Jord\u00e2nia. A descoberta coloca novos elementos que podem mudar o conhecimento consolidado sobre o desenvolvimento da humanidade e das din\u00e2micas de migra\u00e7\u00e3o do g\u00eanero homo a partir da \u00c1frica para outras regi\u00f5es do planeta. O [&hellip;]<\/p>\n","protected":false},"author":1,"featured_media":149563,"comment_status":"open","ping_status":"closed","sticky":false,"template":"","format":"standard","meta":{"amp_status":"","footnotes":""},"categories":[6,28848],"tags":[203547,203551,1018,203546,125967,203549,475,203548,20032,203552,203545,78002,79937,203550],"class_list":["post-149561","post","type-post","status-publish","format-standard","has-post-thumbnail","hentry","category-br","category-mundo","tag-astolfo-araujo","tag-descoberta-de-brasileiros-pode-mudar-historia-da-humanidade","tag-destaque","tag-homineo","tag-humanidade","tag-instituto-de-estudos-avancados-da-universidade-de-sao-paulo","tag-jordania","tag-museu-de-arqueologia-e-etnologia-da-usp","tag-pesquisa","tag-professor-walter-neves","tag-quaternary-science-reviews","tag-unifesp","tag-universidade-de-sao-paulo","tag-walter-neves"],"_links":{"self":[{"href":"https:\/\/aconteceunovale.com.br\/portal\/index.php?rest_route=\/wp\/v2\/posts\/149561","targetHints":{"allow":["GET"]}}],"collection":[{"href":"https:\/\/aconteceunovale.com.br\/portal\/index.php?rest_route=\/wp\/v2\/posts"}],"about":[{"href":"https:\/\/aconteceunovale.com.br\/portal\/index.php?rest_route=\/wp\/v2\/types\/post"}],"author":[{"embeddable":true,"href":"https:\/\/aconteceunovale.com.br\/portal\/index.php?rest_route=\/wp\/v2\/users\/1"}],"replies":[{"embeddable":true,"href":"https:\/\/aconteceunovale.com.br\/portal\/index.php?rest_route=%2Fwp%2Fv2%2Fcomments&post=149561"}],"version-history":[{"count":0,"href":"https:\/\/aconteceunovale.com.br\/portal\/index.php?rest_route=\/wp\/v2\/posts\/149561\/revisions"}],"wp:featuredmedia":[{"embeddable":true,"href":"https:\/\/aconteceunovale.com.br\/portal\/index.php?rest_route=\/wp\/v2\/media\/149563"}],"wp:attachment":[{"href":"https:\/\/aconteceunovale.com.br\/portal\/index.php?rest_route=%2Fwp%2Fv2%2Fmedia&parent=149561"}],"wp:term":[{"taxonomy":"category","embeddable":true,"href":"https:\/\/aconteceunovale.com.br\/portal\/index.php?rest_route=%2Fwp%2Fv2%2Fcategories&post=149561"},{"taxonomy":"post_tag","embeddable":true,"href":"https:\/\/aconteceunovale.com.br\/portal\/index.php?rest_route=%2Fwp%2Fv2%2Ftags&post=149561"}],"curies":[{"name":"wp","href":"https:\/\/api.w.org\/{rel}","templated":true}]}}