{"id":149558,"date":"2019-07-08T21:44:24","date_gmt":"2019-07-08T23:44:24","guid":{"rendered":"http:\/\/aconteceunovale.com.br\/portal\/?p=149558"},"modified":"2019-07-08T21:44:24","modified_gmt":"2019-07-08T23:44:24","slug":"centro-universitario-promove-palestras-gratuitas-para-todo-o-brasil-sobre-o-futuro-das-profissoes","status":"publish","type":"post","link":"https:\/\/aconteceunovale.com.br\/portal\/?p=149558","title":{"rendered":"Centro universit\u00e1rio promove palestras gratuitas para todo o Brasil sobre o futuro das profiss\u00f5es"},"content":{"rendered":"<p><em><strong><\/p>\n<h4>Os eventos acontecem nos polos da Uninter, de 9 a 11 de julho<\/h4>\n<p><\/strong><\/em><\/p>\n<p>Com o objetivo de discutir as transforma\u00e7\u00f5es no ambiente de trabalho em decorr\u00eancia das mudan\u00e7as tecnol\u00f3gicas, o Centro Universit\u00e1rio Internacional Uninter promove tr\u00eas ciclos de palestras nos dias 9, 10 e 11 de julho. Os encontros ter\u00e3o transmiss\u00e3o on-line e gratuita para todo o pa\u00eds, com programa\u00e7\u00e3o especial nas centenas de polos de apoio presencial do centro universit\u00e1rio.<\/p>\n<p>O \u201cAtualiza: um bate-papo sobre profiss\u00e3o e crescimento\u201d visa mostrar aos estudantes quais ser\u00e3o as exig\u00eancias do mercado de trabalho e como os profissionais poder\u00e3o se preparar para elas.<\/p>\n<p>No dia 9 de julho, o coordenador do curso de Marketing Digital da institui\u00e7\u00e3o, Achiles J\u00fanior, aborda o marketing pessoal, conjunto de t\u00e9cnicas e pr\u00e1ticas que s\u00e3o usadas para a promo\u00e7\u00e3o de um indiv\u00edduo. Dessa forma, e tamb\u00e9m com mudan\u00e7as na pr\u00f3pria conduta, \u00e9 poss\u00edvel alcan\u00e7ar o sucesso.<\/p>\n<p>J\u00e1 no dia 10, tr\u00eas nomes nacionais de peso em tecnologia e inova\u00e7\u00e3o se re\u00fanem para discutir o tema central. O empres\u00e1rio, investidor e professor Arthur Igreja, um dos A\u2019s da plataforma AAA com Ricardo Amorim do Manhattan Connection, vai falar sobre o profissional do futuro. O autor do best-seller \u201cVenda Muito Mais\u201d, Cl\u00e1udio Tomanini, vai conversar sobre novos mercados e novas compet\u00eancias. Para completar o time, o publicit\u00e1rio, executivo de marketing e consultor de empresas Dado Schneider trar\u00e1 o tema \u201cReaprendendo a trabalhar\u201d.<\/p>\n<p>Para fechar a programa\u00e7\u00e3o, a professora de marketing digital Maria Carolina Avis vai falar sobre desempenho nas redes sociais. Ao usar as redes para estrat\u00e9gias de marketing, \u00e9 preciso saber mensurar os resultados do trabalho, reajustando assim as estrat\u00e9gias.<\/p>\n<p>Outros temas est\u00e3o na programa\u00e7\u00e3o, como: Voc\u00ea se contrataria?; Quanto voc\u00ea vale para o mercado?; LinkedIn; 10 acertos para um curr\u00edculo inovador; Qualidade de vida no trabalho; 10 coisas para fazer em uma entrevista de emprego; e Pequenas empresas e grandes neg\u00f3cios. <\/p>\n<p>Para participar, basta se inscrever no polo de apoio presencial da Uninter mais pr\u00f3ximo da sua casa.<\/p>\n<p><strong>Servi\u00e7o<\/strong><\/p>\n<p><strong>Atualiza: um bate-papo sobre profiss\u00e3o e crescimento.<\/strong><\/p>\n<p>Quando: de 9 a 11 de julho; das 14h \u00e0s 20h.<\/p>\n<p><strong>Programa\u00e7\u00e3o completa <\/strong><\/p>\n<p><strong>Dia 09 de julho: <\/strong><br \/>\n14h \u2014 Voc\u00ea se contrataria?<br \/>\n15h \u2014 Quanto voc\u00ea vale para o mercado?<br \/>\n16h \u2014 LinkedIn<br \/>\n17h \u2014 10 acertos para um curr\u00edculo inovador<br \/>\n18h \u2014 Qualidade de vida no trabalho<br \/>\n19h \u2014 Webinar com Achiles J\u00fanior  Marketing Pessoal (ao vivo)<br \/>\n20h \u2014 10 coisas para fazer em uma entrevista de emprego<\/p>\n<p><strong>Dia 10 de julho: <\/strong><br \/>\n14h \u2014 10 coisas para fazer em uma entrevista de emprego<br \/>\n15h \u2014 Pequenas empresas e grandes neg\u00f3cios<br \/>\n16h \u2014 10 acertos para um curr\u00edculo inovador<br \/>\n17h \u2014 Voc\u00ea se contrataria?<br \/>\n18h \u2014 LinkedIn<br \/>\n19h \u2014 Transmiss\u00e3o da palestra com Arthur Igreja, Cl\u00e1udio Tomanini e Dado Schneider (ao vivo)<\/p>\n<p><strong>Dia 11 de julho: <\/strong><br \/>\n14h \u2014 Pequenas empresas e grandes neg\u00f3cios<br \/>\n15 \u2014 Qualidade de vida no trabalho<br \/>\n16h \u2014 10 coisas para fazer em uma entrevista de emprego<br \/>\n17h \u2014 Quanto voc\u00ea vale para o mercado?<br \/>\n18h \u2014 10 acertos para um curr\u00edculo inovador<br \/>\n19h \u2014 Webinar com Maria Carolina Avis \u2014 Desempenho nas Redes Sociais (ao vivo)<br \/>\n20h \u2013 LinkedIn<\/p>\n<p><img decoding=\"async\" src=\"http:\/\/aconteceu.info\/atualiza_uninter_1.jpg\" alt=\"\" \/><\/p>\n<p><strong>VER PRIMEIRO<\/strong><\/p>\n<p>Receba as not\u00edcias do Aconteceu no Vale em primeira m\u00e3o. Clique em curtir no endere\u00e7o <a href=\"https:\/\/www.facebook.com\/aconteceunovale\" target=\"_blank\"><font color=\"red\">www.facebook.com\/aconteceunovale<\/font><\/a> ou no box abaixo:<\/p>\n<div class=\"fb-like\" data-href=\"https:\/\/www.facebook.com\/aconteceunovale\" data-width=\"120\" data-layout=\"standard\" data-action=\"like\" data-size=\"small\" data-show-faces=\"true\" data-share=\"true\"><\/div>\n<p><!-- Erro, o An\u00fancio n\u00e3o est\u00e1 dispon\u00edvel neste momento devido \u00e0s restri\u00e7\u00f5es de agendamento\/geolocaliza\u00e7\u00e3o! --><br \/>\n<\/br><\/p>\n","protected":false},"excerpt":{"rendered":"<p>Os eventos acontecem nos polos da Uninter, de 9 a 11 de julho Com o objetivo de discutir as transforma\u00e7\u00f5es no ambiente de trabalho em decorr\u00eancia das mudan\u00e7as tecnol\u00f3gicas, o Centro Universit\u00e1rio Internacional Uninter promove tr\u00eas ciclos de palestras nos dias 9, 10 e 11 de julho. Os encontros ter\u00e3o transmiss\u00e3o on-line e gratuita para [&hellip;]<\/p>\n","protected":false},"author":1,"featured_media":149559,"comment_status":"open","ping_status":"closed","sticky":false,"template":"","format":"standard","meta":{"amp_status":"","footnotes":""},"categories":[40238,125],"tags":[203538,203539,203544,203537,203536,203530,203542,1018,203531,203541,203543,203534,203535,203540,203533,203532],"class_list":["post-149558","post","type-post","status-publish","format-standard","has-post-thumbnail","hentry","category-educacao-2","category-noticias","tag-achiles-junior","tag-arthur-igreja","tag-atualiza-um-bate-papo-sobre-profissao-e-crescimento","tag-centro-universitario-internacional","tag-centro-universitario-internacional-uninter","tag-centro-universitario-promove-palestras-gratuitas-para-todo-o-brasil-sobre-o-futuro-das-profissoes","tag-claudio-tomanini","tag-destaque","tag-futuro-das-profissoes","tag-manhattan-connection","tag-maria-carolina-avis","tag-palestra-gratuita-uninter","tag-palestra-uninter","tag-ricardo-amorim","tag-uninter","tag-uninter-promove-palestras-gratuitas-para-todo-o-brasil-sobre-o-futuro-das-profissoes"],"_links":{"self":[{"href":"https:\/\/aconteceunovale.com.br\/portal\/index.php?rest_route=\/wp\/v2\/posts\/149558","targetHints":{"allow":["GET"]}}],"collection":[{"href":"https:\/\/aconteceunovale.com.br\/portal\/index.php?rest_route=\/wp\/v2\/posts"}],"about":[{"href":"https:\/\/aconteceunovale.com.br\/portal\/index.php?rest_route=\/wp\/v2\/types\/post"}],"author":[{"embeddable":true,"href":"https:\/\/aconteceunovale.com.br\/portal\/index.php?rest_route=\/wp\/v2\/users\/1"}],"replies":[{"embeddable":true,"href":"https:\/\/aconteceunovale.com.br\/portal\/index.php?rest_route=%2Fwp%2Fv2%2Fcomments&post=149558"}],"version-history":[{"count":0,"href":"https:\/\/aconteceunovale.com.br\/portal\/index.php?rest_route=\/wp\/v2\/posts\/149558\/revisions"}],"wp:featuredmedia":[{"embeddable":true,"href":"https:\/\/aconteceunovale.com.br\/portal\/index.php?rest_route=\/wp\/v2\/media\/149559"}],"wp:attachment":[{"href":"https:\/\/aconteceunovale.com.br\/portal\/index.php?rest_route=%2Fwp%2Fv2%2Fmedia&parent=149558"}],"wp:term":[{"taxonomy":"category","embeddable":true,"href":"https:\/\/aconteceunovale.com.br\/portal\/index.php?rest_route=%2Fwp%2Fv2%2Fcategories&post=149558"},{"taxonomy":"post_tag","embeddable":true,"href":"https:\/\/aconteceunovale.com.br\/portal\/index.php?rest_route=%2Fwp%2Fv2%2Ftags&post=149558"}],"curies":[{"name":"wp","href":"https:\/\/api.w.org\/{rel}","templated":true}]}}