{"id":149555,"date":"2019-07-08T08:42:07","date_gmt":"2019-07-08T10:42:07","guid":{"rendered":"http:\/\/aconteceunovale.com.br\/portal\/?p=149555"},"modified":"2019-07-08T08:42:07","modified_gmt":"2019-07-08T10:42:07","slug":"cinco-sao-presos-por-descaminho-em-montes-claros","status":"publish","type":"post","link":"https:\/\/aconteceunovale.com.br\/portal\/?p=149555","title":{"rendered":"Cinco s\u00e3o presos por descaminho em Montes Claros"},"content":{"rendered":"<p>Uma abordagem da Pol\u00edcia Rodovi\u00e1ria Federal (PRF) resultou na pris\u00e3o de cinco homens em Montes Claros, no Norte de Minas, na tarde de quinta-feira (04\/07\/2019). Os suspeitos sa\u00edram do Paraguai, com destino \u00e0 Bahia, transportando produtos contrabandeados e, ao passar por uma viatura na BR-365, o condutor do autom\u00f3vel freou bruscamente, levantando suspeitas dos agentes federais. <\/p>\n<p>13 embalagens com cosm\u00e9ticos, 4 mil acess\u00f3rios para rel\u00f3gios, al\u00e9m de 558 equipamentos eletr\u00f4nicos entre celulares, pen drives e baterias, foram encontrados durante buscas no autom\u00f3vel. <\/p>\n<p>Os cinco homens, de idades entre 30 e 48 anos, foram presos e encaminhados \u00e0 Pol\u00edcia Federal. As mercadorias foram apreendidas e levadas para a sede da Receita Federal em Montes Claros.<\/p>\n<p><img decoding=\"async\" src=\"http:\/\/aconteceunovale.com.br\/portal\/wp-content\/uploads\/2019\/07\/presos_moc.jpg\" alt=\"\" \/><em>Foto: Divulga\u00e7\u00e3o\/PRF<\/em><br \/>\n<\/br><br \/>\n<em>Leandro Silva | Aconteceu no Vale<br \/>\nPublicado em: 08\/07\/2019, \u00e0s 07h42<\/em><\/p>\n<p><strong>VER PRIMEIRO<\/strong><\/p>\n<p>Receba as not\u00edcias do Aconteceu no Vale em primeira m\u00e3o. Clique em curtir no endere\u00e7o <a href=\"https:\/\/www.facebook.com\/aconteceunovale\" target=\"_blank\"><font color=\"red\">www.facebook.com\/aconteceunovale<\/font><\/a> ou no box abaixo:<\/p>\n<div class=\"fb-like\" data-href=\"https:\/\/www.facebook.com\/aconteceunovale\" data-width=\"120\" data-layout=\"standard\" data-action=\"like\" data-size=\"small\" data-show-faces=\"true\" data-share=\"true\"><\/div>\n<p><!-- Erro, o An\u00fancio n\u00e3o est\u00e1 dispon\u00edvel neste momento devido \u00e0s restri\u00e7\u00f5es de agendamento\/geolocaliza\u00e7\u00e3o! --><br \/>\n<\/br><\/p>\n","protected":false},"excerpt":{"rendered":"<p>Uma abordagem da Pol\u00edcia Rodovi\u00e1ria Federal (PRF) resultou na pris\u00e3o de cinco homens em Montes Claros, no Norte de Minas, na tarde de quinta-feira (04\/07\/2019). Os suspeitos sa\u00edram do Paraguai, com destino \u00e0 Bahia, transportando produtos contrabandeados e, ao passar por uma viatura na BR-365, o condutor do autom\u00f3vel freou bruscamente, levantando suspeitas dos agentes [&hellip;]<\/p>\n","protected":false},"author":1,"featured_media":149556,"comment_status":"open","ping_status":"closed","sticky":false,"template":"","format":"standard","meta":{"amp_status":"","footnotes":""},"categories":[1236],"tags":[203527,210,57790,203529,203528],"class_list":["post-149555","post","type-post","status-publish","format-standard","has-post-thumbnail","hentry","category-norte_de_minas","tag-cinco-sao-presos-por-descaminho-em-montes-claros","tag-montes-claros","tag-presos-em-montes-claros","tag-presos-pela-prf-em-montes-claros","tag-prf-em-montes-claros"],"_links":{"self":[{"href":"https:\/\/aconteceunovale.com.br\/portal\/index.php?rest_route=\/wp\/v2\/posts\/149555","targetHints":{"allow":["GET"]}}],"collection":[{"href":"https:\/\/aconteceunovale.com.br\/portal\/index.php?rest_route=\/wp\/v2\/posts"}],"about":[{"href":"https:\/\/aconteceunovale.com.br\/portal\/index.php?rest_route=\/wp\/v2\/types\/post"}],"author":[{"embeddable":true,"href":"https:\/\/aconteceunovale.com.br\/portal\/index.php?rest_route=\/wp\/v2\/users\/1"}],"replies":[{"embeddable":true,"href":"https:\/\/aconteceunovale.com.br\/portal\/index.php?rest_route=%2Fwp%2Fv2%2Fcomments&post=149555"}],"version-history":[{"count":0,"href":"https:\/\/aconteceunovale.com.br\/portal\/index.php?rest_route=\/wp\/v2\/posts\/149555\/revisions"}],"wp:featuredmedia":[{"embeddable":true,"href":"https:\/\/aconteceunovale.com.br\/portal\/index.php?rest_route=\/wp\/v2\/media\/149556"}],"wp:attachment":[{"href":"https:\/\/aconteceunovale.com.br\/portal\/index.php?rest_route=%2Fwp%2Fv2%2Fmedia&parent=149555"}],"wp:term":[{"taxonomy":"category","embeddable":true,"href":"https:\/\/aconteceunovale.com.br\/portal\/index.php?rest_route=%2Fwp%2Fv2%2Fcategories&post=149555"},{"taxonomy":"post_tag","embeddable":true,"href":"https:\/\/aconteceunovale.com.br\/portal\/index.php?rest_route=%2Fwp%2Fv2%2Ftags&post=149555"}],"curies":[{"name":"wp","href":"https:\/\/api.w.org\/{rel}","templated":true}]}}