{"id":149512,"date":"2019-07-07T20:54:34","date_gmt":"2019-07-07T22:54:34","guid":{"rendered":"http:\/\/aconteceunovale.com.br\/portal\/?p=149512"},"modified":"2019-07-07T20:54:34","modified_gmt":"2019-07-07T22:54:34","slug":"nova-porteirinha-aguanil-e-eloi-mendes-tem-novos-prefeitos","status":"publish","type":"post","link":"https:\/\/aconteceunovale.com.br\/portal\/?p=149512","title":{"rendered":"Nova Porteirinha, Aguanil e El\u00f3i Mendes t\u00eam novos prefeitos"},"content":{"rendered":"<p>Os munic\u00edpios de Aguanil (Centro-Oeste), El\u00f3i Mendes (Sul de Minas) e Nova Porteirinha (Norte) t\u00eam novos prefeitos e vices, escolhidos em elei\u00e7\u00f5es suplementares neste domingo (07\/07\/2019). Os candidatos eleitos dever\u00e3o ser diplomados pela Justi\u00e7a Eleitoral at\u00e9 o dia 26 de julho.<br \/>\n<center><br \/>\n<!-- Erro, o An\u00fancio n\u00e3o est\u00e1 dispon\u00edvel neste momento devido \u00e0s restri\u00e7\u00f5es de agendamento\/geolocaliza\u00e7\u00e3o! --><br \/>\n<\/br><br \/>\n<\/center><br \/>\nEm Aguanil, foram eleitos Jos\u00e9 M\u00e1rcio de Oliveira e Ricardo de Oliveira, do PP, com 1.498 votos (48,43% dos votos v\u00e1lidos). Elias Assad Abr\u00e3o (DEM) e Maxsal\u00e9m Trindade Firmino (PSB), da coliga\u00e7\u00e3o A For\u00e7a do Povo (DEM\/PSB\/PSDB), ficaram em segundo lugar, com 1.328 votos (42,94%). Ao todo, 3.093 eleitores foram \u00e0s urnas e 814 n\u00e3o compareceram. Houve 70 votos em branco e 197 votos nulos.<\/p>\n<p>Em El\u00f3i Mendes, os eleitos foram Paulo Roberto Belato Carvalho e Jos\u00e9 Hor\u00e1cio Bueno Martins (Keko), do PV, com 7.712 votos (49,42% dos votos v\u00e1lidos). Thiago Joel Tavares (MDB) e Jos\u00e9 Ricardo Xavier (PTB), da coliga\u00e7\u00e3o Para El\u00f3i Mendes mudar de verdade (MDB\/PTB\/PSDB), ficaram em segundo lugar, com 6.571 votos (42,11% dos votos v\u00e1lidos). Compareceram \u00e0s urnas 15.604 eleitores e 4.200 deixaram de votar. Foram registrados 441 votos em branco e 880 votos nulos.<\/p>\n<p>Em Nova Porteirinha, Jo\u00e9lia Santos Barbosa (MDB) e Marlene Barbosa Ribeiro de Menezes (PTC), da coliga\u00e7\u00e3o Compromisso com o Povo (MDB \/ PTC \/ PSDB), foram eleitas com 2.069 votos (47,48% dos votos v\u00e1lidos). Regina Ant\u00f4nia de Souza Freitas (PSL) e Raul Alves da Rocha (PSB), da coliga\u00e7\u00e3o Uni\u00e3o e Progresso (PSL\/PSB), ficaram em segundo lugar, com 2.045 votos (46,93%). Um total de 4.358 eleitores foram \u00e0s urnas e 965 n\u00e3o compareceram. Houve 70 votos em branco e 174 votos nulos.<\/p>\n<p>O domingo de elei\u00e7\u00e3o transcorreu com normalidade nas tr\u00eas cidades. A vota\u00e7\u00e3o foi encerrada \u00e0s 17h nos tr\u00eas locais. A totaliza\u00e7\u00e3o dos votos em Aguanil terminou \u00e0s 18h42\u201913\u2019\u2019; em El\u00f3i Mendes, 19h04\u201922\u2019\u2019; em Nova Porteirinha, \u00e0s 18h20\u201928\u2019\u2019. Nenhuma urna eletr\u00f4nica precisou ser trocada e houve apenas uma ocorr\u00eancia policial em Aguanil. Uma mulher estava distribuindo botons e camisetas. Ela foi detida pela Pol\u00edcia Militar, prestou depoimento ao delegado da cidade e foi liberada.<\/p>\n<p>Os eleitores que n\u00e3o compareceram \u00e0s urnas neste domingo devem justificar a aus\u00eancia at\u00e9 dia 05 de setembro de 2019 (60 dias ap\u00f3s a elei\u00e7\u00e3o). Saiba mais sobre\u00a0<span style=\"color: #ff6600;\"><a title=\"\" href=\"http:\/\/www.tre-mg.jus.br\/eleitor\/justificativa-eleitoral\/justificativa-eleitoral-1\" target=\"_blank\"><span style=\"color: #ff6600;\">justificativa<\/span><\/a><\/span>.<\/p>\n<p>A elei\u00e7\u00e3o suplementar em Aguanil foi marcada devido \u00e0 dupla vac\u00e2ncia no Executivo municipal. O prefeito Sebasti\u00e3o Eloi de Souza Campos faleceu em outubro de 2017 e o vice-prefeito, H\u00e9liton Goulart Gon\u00e7alves, foi cassado (impeachment) pela C\u00e2mara Municipal em raz\u00e3o de infra\u00e7\u00f5es pol\u00edtico-administrativas, em mar\u00e7o de 2019.<\/p>\n<p>As novas elei\u00e7\u00f5es em El\u00f3i Mendes ocorreram em raz\u00e3o de a chapa eleita em 2016 (Wiliam Cadorini e Marcos Miranda Sodr\u00e9 Mendes) ter sido cassada pelo TRE pela pr\u00e1tica de conduta vedada a agente p\u00fablico em per\u00edodo eleitoral, com confirma\u00e7\u00e3o da condena\u00e7\u00e3o pelo TSE em abril de 2019. O prefeito, ent\u00e3o candidato \u00e0 reelei\u00e7\u00e3o, realizou a 12\u00aa EXPOEM, evento custeado pela municipalidade e que foi considerado como promo\u00e7\u00e3o da campanha eleitoral.<\/p>\n<p>J\u00e1 em Nova Porteirinha, foi realizada elei\u00e7\u00e3o suplementar por causa da cassa\u00e7\u00e3o pelo Tribunal da chapa eleita em 2016 (Juracy Fagundes Jacome e Ed\u00e9sio Vital Neto), por abuso do poder econ\u00f4mico e capta\u00e7\u00e3o il\u00edcita de sufr\u00e1gio (compra de votos). De acordo com a decis\u00e3o, teria havido um esquema de compra e distribui\u00e7\u00e3o indiscriminada de combust\u00edvel, em per\u00edodo pr\u00f3ximo \u00e0s elei\u00e7\u00f5es, por meio do qual o bem era fornecido a qualquer pessoa que portasse determinado ticket, por ocasi\u00e3o do abastecimento.<\/p>\n<p><strong>VER PRIMEIRO<\/strong><\/p>\n<p>Receba as not\u00edcias do Aconteceu no Vale em primeira m\u00e3o. Clique em curtir no endere\u00e7o <a href=\"https:\/\/www.facebook.com\/aconteceunovale\" target=\"_blank\"><font color=\"red\">www.facebook.com\/aconteceunovale<\/font><\/a> ou no box abaixo:<\/p>\n<div class=\"fb-like\" data-href=\"https:\/\/www.facebook.com\/aconteceunovale\" data-width=\"120\" data-layout=\"standard\" data-action=\"like\" data-size=\"small\" data-show-faces=\"true\" data-share=\"true\"><\/div>\n<p><!-- Erro, o An\u00fancio n\u00e3o est\u00e1 dispon\u00edvel neste momento devido \u00e0s restri\u00e7\u00f5es de agendamento\/geolocaliza\u00e7\u00e3o! --><br \/>\n<\/br><\/p>\n<p><em>(Fonte: TRE-MG)<\/em><\/p>\n","protected":false},"excerpt":{"rendered":"<p>Os munic\u00edpios de Aguanil (Centro-Oeste), El\u00f3i Mendes (Sul de Minas) e Nova Porteirinha (Norte) t\u00eam novos prefeitos e vices, escolhidos em elei\u00e7\u00f5es suplementares neste domingo (07\/07\/2019). Os candidatos eleitos dever\u00e3o ser diplomados pela Justi\u00e7a Eleitoral at\u00e9 o dia 26 de julho. Em Aguanil, foram eleitos Jos\u00e9 M\u00e1rcio de Oliveira e Ricardo de Oliveira, do PP, [&hellip;]<\/p>\n","protected":false},"author":1,"featured_media":95688,"comment_status":"open","ping_status":"closed","sticky":false,"template":"","format":"standard","meta":{"amp_status":"","footnotes":""},"categories":[123,40240],"tags":[1629,203444,203450,203451,203449,14490,203445,203455,203454,203452,203456,1805,203442,203443,203447,203448,203446,203453,193406],"class_list":["post-149512","post","type-post","status-publish","format-standard","has-post-thumbnail","hentry","category-gerais","category-politica-2","tag-aguanil","tag-aguanil-tem-novo-prefeito","tag-eleicao-em-aguanil","tag-eleicao-em-eloi-mendes","tag-eleicao-em-nova-porteirinha","tag-eloi-mendes","tag-eloi-mendes-tem-novo-prefeito","tag-joelia-santos-barbosa","tag-jose-horacio-bueno-martins","tag-jose-marcio-de-oliveira","tag-marlene-barbosa-ribeiro-de-menezes","tag-nova-porteirinha","tag-nova-porteirinha-aguanil-e-eloi-mendes-tem-novos-prefeitos","tag-nova-porteirinha-tem-novo-prefeito","tag-novo-prefeito-de-aguanil","tag-novo-prefeito-de-eloi-mendes","tag-novo-prefeito-de-nova-porteirinha","tag-paulo-roberto-belato-carvalho","tag-ricardo-de-oliveira"],"_links":{"self":[{"href":"https:\/\/aconteceunovale.com.br\/portal\/index.php?rest_route=\/wp\/v2\/posts\/149512","targetHints":{"allow":["GET"]}}],"collection":[{"href":"https:\/\/aconteceunovale.com.br\/portal\/index.php?rest_route=\/wp\/v2\/posts"}],"about":[{"href":"https:\/\/aconteceunovale.com.br\/portal\/index.php?rest_route=\/wp\/v2\/types\/post"}],"author":[{"embeddable":true,"href":"https:\/\/aconteceunovale.com.br\/portal\/index.php?rest_route=\/wp\/v2\/users\/1"}],"replies":[{"embeddable":true,"href":"https:\/\/aconteceunovale.com.br\/portal\/index.php?rest_route=%2Fwp%2Fv2%2Fcomments&post=149512"}],"version-history":[{"count":0,"href":"https:\/\/aconteceunovale.com.br\/portal\/index.php?rest_route=\/wp\/v2\/posts\/149512\/revisions"}],"wp:featuredmedia":[{"embeddable":true,"href":"https:\/\/aconteceunovale.com.br\/portal\/index.php?rest_route=\/wp\/v2\/media\/95688"}],"wp:attachment":[{"href":"https:\/\/aconteceunovale.com.br\/portal\/index.php?rest_route=%2Fwp%2Fv2%2Fmedia&parent=149512"}],"wp:term":[{"taxonomy":"category","embeddable":true,"href":"https:\/\/aconteceunovale.com.br\/portal\/index.php?rest_route=%2Fwp%2Fv2%2Fcategories&post=149512"},{"taxonomy":"post_tag","embeddable":true,"href":"https:\/\/aconteceunovale.com.br\/portal\/index.php?rest_route=%2Fwp%2Fv2%2Ftags&post=149512"}],"curies":[{"name":"wp","href":"https:\/\/api.w.org\/{rel}","templated":true}]}}