{"id":149509,"date":"2019-07-07T20:41:33","date_gmt":"2019-07-07T22:41:33","guid":{"rendered":"http:\/\/aconteceunovale.com.br\/portal\/?p=149509"},"modified":"2019-07-07T20:41:33","modified_gmt":"2019-07-07T22:41:33","slug":"jequitinhonha-cobra-diagnostico-rapido-de-deficiencia","status":"publish","type":"post","link":"https:\/\/aconteceunovale.com.br\/portal\/?p=149509","title":{"rendered":"Jequitinhonha cobra diagn\u00f3stico r\u00e1pido de defici\u00eancia"},"content":{"rendered":"<p>A educa\u00e7\u00e3o foi a \u00e1rea que mais teve demandas apresentadas para a inclus\u00e3o de pessoas com defici\u00eancia no Vale do Jequitinhonha, em audi\u00eancia p\u00fablica na manh\u00e3 de sexta-feira (5\/7\/19). Na reuni\u00e3o, realizada pela Comiss\u00e3o de Defesa dos Direitos da Pessoa com Defici\u00eancia da Assembleia Legislativa de Minas Gerais (ALMG), no munic\u00edpio de Jequitinhonha, estiveram presentes moradores da regi\u00e3o, em especial professores.<br \/>\n<center><br \/>\n<!-- Erro, o An\u00fancio n\u00e3o est\u00e1 dispon\u00edvel neste momento devido \u00e0s restri\u00e7\u00f5es de agendamento\/geolocaliza\u00e7\u00e3o! --><br \/>\n<\/br><br \/>\n<\/center><br \/>\nUma das professoras, Edil\u00e9ia Xavier, contou que tem sob a sua responsabilidade uma turma da educa\u00e7\u00e3o integral com 50 alunos, dois deles diagnosticados com defici\u00eancia neurol\u00f3gica. Outros quatro, por\u00e9m, t\u00eam suspeitas de problemas parecidos, mas n\u00e3o conseguem realizar o diagn\u00f3stico e, sem o laudo, n\u00e3o h\u00e1 como reivindicar mais professores de apoio. Segundo ela, esses laudos chegam a demorar anos, o que prejudica o aprendizado de todos na sala de aula e a inclus\u00e3o do aluno sem o diagn\u00f3stico. <\/p>\n<p>O problema, segundo o deputado Professor Cleiton (DC), se repete em v\u00e1rias regi\u00f5es. O parlamentar afirmou que j\u00e1 protocolou um projeto de lei na ALMG para tornar obrigat\u00f3rio um centro de diagn\u00f3stico em todas as superintend\u00eancias regionais de ensino, com vistas a agilizar esses processos. Ele tamb\u00e9m defendeu a import\u00e2ncia dos professores de apoio, que auxiliam os educadores nas necessidades especiais desses alunos com defici\u00eancias.<\/p>\n<p>Outro professor presente, Wendel Barros, destacou que o apoio \u00e9 previsto em resolu\u00e7\u00e3o que precisa ser republicada anualmente. Ele fez um apelo para que a resolu\u00e7\u00e3o seja transformada em lei. O representante da superintend\u00eancia regional de ensino, Sandro Augusto, por\u00e9m, afirmou que a resolu\u00e7\u00e3o anual trata dos crit\u00e9rios para contrata\u00e7\u00e3o dos profissionais, n\u00e3o do direito dos alunos ao atendimento pelos profissionais, direito este que est\u00e1 garantido em lei, segundo ele.<\/p>\n<p>O que \u00e9 necess\u00e1rio ent\u00e3o, de acordo com Sandro Augusto, \u00e9 estabelecer concursos e planos de carreira para esses profissionais, de forma a garantir a continuidade e efetividade desses servi\u00e7os. Segundo ele, atualmente o munic\u00edpio de Jequitinhonha conta com 38 profissionais voltados exclusivamente para a educa\u00e7\u00e3o especializada. Entre estes, est\u00e3o inclu\u00eddos, segundo ele, int\u00e9rpretes de libras, professores de apoio e auxiliares de educa\u00e7\u00e3o b\u00e1sica.<\/p>\n<p><img decoding=\"async\" src=\"http:\/\/aconteceunovale.com.br\/portal\/wp-content\/uploads\/2019\/07\/audiencia_jequitinhonha.jpg\" alt=\"\" \/><em>Parlamentares discutiram com a popula\u00e7\u00e3o do Jequitinhonha pol\u00edticas para pessoas com defici\u00eancia na regi\u00e3o &#8211; Foto: Sarah Torres\/ALMG<\/em><br \/>\n<\/br><\/p>\n<p><strong>Depois do ensino m\u00e9dio, inclus\u00e3o tem mais problemas<\/strong><\/p>\n<p>A assist\u00eancia, por\u00e9m, n\u00e3o se repete na educa\u00e7\u00e3o superior, ainda de acordo com Sandro Augusto. No n\u00edvel da gradua\u00e7\u00e3o, as pessoas com defici\u00eancia n\u00e3o teriam o mesmo aux\u00edlio garantido nos n\u00edveis anteriores, o que dificulta a continuidade dos estudos.<\/p>\n<p>J\u00e1 a professora Maria Geralda Ferreira tratou tamb\u00e9m dos adultos no momento posterior \u00e0 conclus\u00e3o do ensino m\u00e9dio: o mercado de trabalho. Ela lembrou que \u00e9 preciso proporcionar acesso a vagas de emprego para as pessoas com defici\u00eancia para efetivar sua inclus\u00e3o na sociedade.<\/p>\n<p>Outras duas demandas foram feitas com rela\u00e7\u00e3o \u00e0 educa\u00e7\u00e3o. Uma delas veio do consultor t\u00e9cnico regional da Federa\u00e7\u00e3o Mineira das Apaes (Associa\u00e7\u00e3o de Pais e Amigos dos Excepcionais), Guilherme Chaves, que ressaltou a necessidade de o Estado realizar conv\u00eanios com as Apaes em especial no que diz respeito \u00e0 assist\u00eancia social.<\/p>\n<p>De acordo com ele, os servi\u00e7os de sa\u00fade prestados pela associa\u00e7\u00e3o s\u00e3o feitos em conv\u00eanio com o Sistema \u00danico de Sa\u00fade (SUS), enquanto os de educa\u00e7\u00e3o s\u00e3o sustentados por conv\u00eanios municipais. A assist\u00eancia social, por\u00e9m, depende de recursos pr\u00f3prios, que s\u00e3o escassos.<\/p>\n<p>O deputado Professor Wendel Mesquita (Solidariedade) afirmou a Guilherme Chaves que ele e outros deputados j\u00e1 estiveram com a secret\u00e1ria estadual de Educa\u00e7\u00e3o, J\u00falia Sant\u2019Ana, e ressaltaram a necessidade de ampliar os conv\u00eanios estaduais com as Apaes. Segundo ele, a secret\u00e1ria j\u00e1 se manifestou favoravelmente ao pedido. O parlamentar se disse otimista quanto ao sucesso das negocia\u00e7\u00f5es com a gest\u00e3o estadual para ampliar a ajuda \u00e0s associa\u00e7\u00f5es, consideradas por ele como essenciais para a inclus\u00e3o em Minas Gerais.<\/p>\n<p><strong>Transporte tamb\u00e9m precisa de melhorias<\/strong><\/p>\n<p>Outra demanda ligada \u00e0 educa\u00e7\u00e3o, mas tamb\u00e9m ao transporte, foi da vereadora Ana Paula, de Jequitinhonha. Ela tratou da quest\u00e3o do transporte escolar para alunos com defici\u00eancia, que hoje \u00e9 feito com servi\u00e7os terceirizados pagos pelo munic\u00edpio. Al\u00e9m da necessidade de adapta\u00e7\u00e3o dos ve\u00edculos, exige-se a presen\u00e7a de um monitor no deslocamento dos estudantes. Ela solicitou, ent\u00e3o, apoio do governo estadual na presta\u00e7\u00e3o desse servi\u00e7o aos cidad\u00e3os.<\/p>\n<p>J\u00e1 no campo dos transportes, o Pastor Miguelito ressaltou a import\u00e2ncia de melhorar as cal\u00e7adas do munic\u00edpio, que, segundo ele, est\u00e3o cheias de obst\u00e1culos que dificultam a locomo\u00e7\u00e3o de pessoas com mobilidade reduzida.<\/p>\n<p>O representante da Associa\u00e7\u00e3o de Deficientes e Idosos de Jequitinhonha, Jacson Dias Pereira, tamb\u00e9m falou da import\u00e2ncia da acessibilidade nos espa\u00e7os p\u00fablicos da cidade e da constru\u00e7\u00e3o de banheiros p\u00fablicos adaptados.<\/p>\n<p><strong>Sa\u00fade <\/strong>&#8211; Boa not\u00edcia foi dada pelo gerente regional de sa\u00fade, Francisco de Oliveira Carvalho. Segundo ele, j\u00e1 est\u00e3o sendo implantados nos munic\u00edpios de Pedra Azul e Jacinto, para atender a toda regi\u00e3o, servi\u00e7os especializados de reabilita\u00e7\u00e3o em defici\u00eancia intelectual. Ser\u00e3o oferecidos, segundo eles, servi\u00e7os como fisioterapia, fonoaudiologia, psicologia e assist\u00eancia social.<\/p>\n<p>O deputado Doutor Jean Freire (PT) incentivou a popula\u00e7\u00e3o a se unir por meio de conselhos e outros locais de participa\u00e7\u00e3o. \u201cN\u00f3s, deputados, n\u00e3o estamos aqui para fazer nada por voc\u00eas, mas para fazer tudo com voc\u00eas\u201d, disse. Tamb\u00e9m esteve presente na reuni\u00e3o o deputado Tito Torres (PSDB), que falou da necessidade de fazer com que os direitos garantidos em lei cheguem efetivamente a quem precisa.<\/p>\n<p><strong>VER PRIMEIRO<\/strong><\/p>\n<p>Receba as not\u00edcias do Aconteceu no Vale em primeira m\u00e3o. Clique em curtir no endere\u00e7o <a href=\"https:\/\/www.facebook.com\/aconteceunovale\" target=\"_blank\"><font color=\"red\">www.facebook.com\/aconteceunovale<\/font><\/a> ou no box abaixo:<\/p>\n<div class=\"fb-like\" data-href=\"https:\/\/www.facebook.com\/aconteceunovale\" data-width=\"120\" data-layout=\"standard\" data-action=\"like\" data-size=\"small\" data-show-faces=\"true\" data-share=\"true\"><\/div>\n<p><!-- Erro, o An\u00fancio n\u00e3o est\u00e1 dispon\u00edvel neste momento devido \u00e0s restri\u00e7\u00f5es de agendamento\/geolocaliza\u00e7\u00e3o! --><br \/>\n<\/br><\/p>\n<p><em>(Fonte: ALMG)<\/em><\/p>\n","protected":false},"excerpt":{"rendered":"<p>A educa\u00e7\u00e3o foi a \u00e1rea que mais teve demandas apresentadas para a inclus\u00e3o de pessoas com defici\u00eancia no Vale do Jequitinhonha, em audi\u00eancia p\u00fablica na manh\u00e3 de sexta-feira (5\/7\/19). Na reuni\u00e3o, realizada pela Comiss\u00e3o de Defesa dos Direitos da Pessoa com Defici\u00eancia da Assembleia Legislativa de Minas Gerais (ALMG), no munic\u00edpio de Jequitinhonha, estiveram presentes [&hellip;]<\/p>\n","protected":false},"author":1,"featured_media":149510,"comment_status":"open","ping_status":"closed","sticky":false,"template":"","format":"standard","meta":{"amp_status":"","footnotes":""},"categories":[40240,120],"tags":[752,24358,203439,203429,203430,39700,38308,203432,13425,203437,203441,203436,203431,203440,34252,203428,46475,203434,203433,203438,203435],"class_list":["post-149509","post","type-post","status-publish","format-standard","has-post-thumbnail","hentry","category-politica-2","category-jequi","tag-almg","tag-assembleia-legislativa-de-minas-gerais","tag-associacao-de-deficientes-e-idosos-de-jequitinhonha","tag-audiencia-em-jequitinhonha","tag-audiencia-publica-em-jequitinhonha","tag-comissao-de-defesa-dos-direitos-da-pessoa-com-deficiencia-da-assembleia-legislativa-de-minas-gerais","tag-doutor-jean-freire","tag-edileia-xavier","tag-educacao","tag-federacao-mineira-das-apaes","tag-francisco-de-oliveira-carvalho","tag-guilherme-chaves","tag-inclusao-de-pessoas-com-deficiencia-no-vale-do-jequitinhonha","tag-jacson-dias-pereira","tag-jequitinhonha","tag-jequitinhonha-cobra-diagnostico-rapido-de-deficiencia","tag-julia-santana","tag-maria-geralda-ferreira","tag-professor-cleiton","tag-professor-wendel-mesquita","tag-sandro-augusto"],"_links":{"self":[{"href":"https:\/\/aconteceunovale.com.br\/portal\/index.php?rest_route=\/wp\/v2\/posts\/149509","targetHints":{"allow":["GET"]}}],"collection":[{"href":"https:\/\/aconteceunovale.com.br\/portal\/index.php?rest_route=\/wp\/v2\/posts"}],"about":[{"href":"https:\/\/aconteceunovale.com.br\/portal\/index.php?rest_route=\/wp\/v2\/types\/post"}],"author":[{"embeddable":true,"href":"https:\/\/aconteceunovale.com.br\/portal\/index.php?rest_route=\/wp\/v2\/users\/1"}],"replies":[{"embeddable":true,"href":"https:\/\/aconteceunovale.com.br\/portal\/index.php?rest_route=%2Fwp%2Fv2%2Fcomments&post=149509"}],"version-history":[{"count":0,"href":"https:\/\/aconteceunovale.com.br\/portal\/index.php?rest_route=\/wp\/v2\/posts\/149509\/revisions"}],"wp:featuredmedia":[{"embeddable":true,"href":"https:\/\/aconteceunovale.com.br\/portal\/index.php?rest_route=\/wp\/v2\/media\/149510"}],"wp:attachment":[{"href":"https:\/\/aconteceunovale.com.br\/portal\/index.php?rest_route=%2Fwp%2Fv2%2Fmedia&parent=149509"}],"wp:term":[{"taxonomy":"category","embeddable":true,"href":"https:\/\/aconteceunovale.com.br\/portal\/index.php?rest_route=%2Fwp%2Fv2%2Fcategories&post=149509"},{"taxonomy":"post_tag","embeddable":true,"href":"https:\/\/aconteceunovale.com.br\/portal\/index.php?rest_route=%2Fwp%2Fv2%2Ftags&post=149509"}],"curies":[{"name":"wp","href":"https:\/\/api.w.org\/{rel}","templated":true}]}}