{"id":149506,"date":"2019-07-07T20:02:50","date_gmt":"2019-07-07T22:02:50","guid":{"rendered":"http:\/\/aconteceunovale.com.br\/portal\/?p=149506"},"modified":"2019-07-07T20:02:50","modified_gmt":"2019-07-07T22:02:50","slug":"inverno-requer-cuidados-contra-a-dengue","status":"publish","type":"post","link":"https:\/\/aconteceunovale.com.br\/portal\/?p=149506","title":{"rendered":"Inverno requer cuidados contra a dengue"},"content":{"rendered":"<p>\u00c9poca de frio, in\u00edcio do inverno e os cuidados contra a dengue diminuem. Isso ocorre porque o mosquito Aedes aegypti, transmissor da doen\u00e7a, circula menos durante per\u00edodos mais frios, mas se os criadouros n\u00e3o forem eliminados, os ovos depositados podem permanecer  intactos por meses e, quando a esta\u00e7\u00e3o quente recome\u00e7ar, eles v\u00e3o eclodir, dando origem a um novo ciclo do mosquito.<br \/>\n<center><br \/>\n<!-- Erro, o An\u00fancio n\u00e3o est\u00e1 dispon\u00edvel neste momento devido \u00e0s restri\u00e7\u00f5es de agendamento\/geolocaliza\u00e7\u00e3o! --><br \/>\n<\/br><br \/>\n<\/center><br \/>\n\u00c9 o que explica a coordenadora da Vigil\u00e2ncia Ambiental da Secretaria da Sa\u00fade do Paran\u00e1, Ivana Belmonte.<\/p>\n<p>Para ela, a preven\u00e7\u00e3o \u00e9 a forma mais eficaz de se combater o mosquito e essa \u00e9 uma tarefa que depende muito da contribui\u00e7\u00e3o da popula\u00e7\u00e3o.<\/p>\n<p>\u201cMais de 60% dos criadouros est\u00e3o nos quintais e dentro das resid\u00eancias, em recipientes que acumulam \u00e1gua parada\u201d, diz.  <\/p>\n<p><strong>Pesquisa<\/strong><\/p>\n<p>Segundo o primeiro Levantamento R\u00e1pido de \u00cdndices de Infesta\u00e7\u00e3o pelo Aedes aegypti (Liraa) de 2019, divulgado em abril pelo Minist\u00e9rio da Sa\u00fade, 994 munic\u00edpios apresentaram alto \u00edndice de infesta\u00e7\u00e3o para as doen\u00e7as provocadas pelo mosquito, com risco de surto para dengue, zika e chikungunya.<\/p>\n<p>O aumento da incid\u00eancia de casos de dengue em todo o pa\u00eds foi de 339,9% em rela\u00e7\u00e3o ao mesmo per\u00edodo do ano passado.<\/p>\n<p>\u201cEsses resultados indicam que \u00e9 preciso fortalecer ainda mais as a\u00e7\u00f5es de combate ao mosquito transmissor, com a participa\u00e7\u00e3o da popula\u00e7\u00e3o e de todos os gestores locais e federais\u201d, afirmou \u00e0 \u00e9poca o secret\u00e1rio de Vigil\u00e2ncia em Sa\u00fade do Minist\u00e9rio da Sa\u00fade, Wanderson Kleber.<\/p>\n<p>No entanto, ele salientou que, mesmo com aumento no n\u00famero de casos da doen\u00e7a, a taxa de incid\u00eancia estava dentro do esperado para o per\u00edodo.<\/p>\n<p><strong>Como prevenir<\/strong><\/p>\n<p>A melhor forma de preven\u00e7\u00e3o da dengue \u00e9 evitar a prolifera\u00e7\u00e3o do mosquito, eliminando \u00e1gua armazenada em pontos que podem se tornar poss\u00edveis criadouros.<\/p>\n<p>Vasos de plantas, pneus, garrafas pl\u00e1sticas e at\u00e9 recipientes pequenos, como tampas de garrafas, podem conter larvas do mosquito.<\/p>\n<p>Para quem vai viajar nas f\u00e9rias de julho, a orienta\u00e7\u00e3o \u00e9 substituir a \u00e1gua dos pratos dos vasos de planta por areia, deixar a caixa d\u00b4\u00e1gua tampada e cobrir todos os grandes reservat\u00f3rios de \u00e1gua, como as piscinas.<\/p>\n<p><strong>Sintomas<\/strong><\/p>\n<p>Os principais sintomas da dengue s\u00e3o febre alta (acima de 38,5\u00baC), dores musculares intensas, dor nos olhos, mal estar, falta de apetite, dor de cabe\u00e7a e manchas vermelhas no corpo.<\/p>\n<p>A infec\u00e7\u00e3o pode ser sem sintomas, leve ou grave. Se for grave, a doen\u00e7a pode provocar perda de peso, n\u00e1useas e v\u00f4mitos.<\/p>\n<p>O paciente com dengue precisa fazer repouso, ingerir bastante l\u00edquido (\u00e1gua) e n\u00e3o tomar medicamentos sem indica\u00e7\u00e3o m\u00e9dica.<\/p>\n<p><strong>VER PRIMEIRO<\/strong><\/p>\n<p>Receba as not\u00edcias do Aconteceu no Vale em primeira m\u00e3o. Clique em curtir no endere\u00e7o <a href=\"https:\/\/www.facebook.com\/aconteceunovale\" target=\"_blank\"><font color=\"red\">www.facebook.com\/aconteceunovale<\/font><\/a> ou no box abaixo:<\/p>\n<div class=\"fb-like\" data-href=\"https:\/\/www.facebook.com\/aconteceunovale\" data-width=\"120\" data-layout=\"standard\" data-action=\"like\" data-size=\"small\" data-show-faces=\"true\" data-share=\"true\"><\/div>\n<p><!-- Erro, o An\u00fancio n\u00e3o est\u00e1 dispon\u00edvel neste momento devido \u00e0s restri\u00e7\u00f5es de agendamento\/geolocaliza\u00e7\u00e3o! --><br \/>\n<\/br><\/p>\n<p><em>(Fonte: Ag\u00eancia Brasil)<\/em><\/p>\n","protected":false},"excerpt":{"rendered":"<p>\u00c9poca de frio, in\u00edcio do inverno e os cuidados contra a dengue diminuem. Isso ocorre porque o mosquito Aedes aegypti, transmissor da doen\u00e7a, circula menos durante per\u00edodos mais frios, mas se os criadouros n\u00e3o forem eliminados, os ovos depositados podem permanecer intactos por meses e, quando a esta\u00e7\u00e3o quente recome\u00e7ar, eles v\u00e3o eclodir, dando origem [&hellip;]<\/p>\n","protected":false},"author":1,"featured_media":149507,"comment_status":"open","ping_status":"closed","sticky":false,"template":"","format":"standard","meta":{"amp_status":"","footnotes":""},"categories":[6,40242],"tags":[8952,203423,203424,1344,203425,203422,203427,25738,203426,67779],"class_list":["post-149506","post","type-post","status-publish","format-standard","has-post-thumbnail","hentry","category-br","category-saude-2","tag-aedes-aegypti","tag-cuidados-contra-a-dengue","tag-cuidados-contra-a-dengue-no-inverno","tag-dengue","tag-dengue-no-inverno","tag-inverno-requer-cuidados-contra-a-dengue","tag-ivana-belmonte","tag-mosquito","tag-vigilancia-ambiental-da-secretaria-da-saude-do-parana","tag-zika"],"_links":{"self":[{"href":"https:\/\/aconteceunovale.com.br\/portal\/index.php?rest_route=\/wp\/v2\/posts\/149506","targetHints":{"allow":["GET"]}}],"collection":[{"href":"https:\/\/aconteceunovale.com.br\/portal\/index.php?rest_route=\/wp\/v2\/posts"}],"about":[{"href":"https:\/\/aconteceunovale.com.br\/portal\/index.php?rest_route=\/wp\/v2\/types\/post"}],"author":[{"embeddable":true,"href":"https:\/\/aconteceunovale.com.br\/portal\/index.php?rest_route=\/wp\/v2\/users\/1"}],"replies":[{"embeddable":true,"href":"https:\/\/aconteceunovale.com.br\/portal\/index.php?rest_route=%2Fwp%2Fv2%2Fcomments&post=149506"}],"version-history":[{"count":0,"href":"https:\/\/aconteceunovale.com.br\/portal\/index.php?rest_route=\/wp\/v2\/posts\/149506\/revisions"}],"wp:featuredmedia":[{"embeddable":true,"href":"https:\/\/aconteceunovale.com.br\/portal\/index.php?rest_route=\/wp\/v2\/media\/149507"}],"wp:attachment":[{"href":"https:\/\/aconteceunovale.com.br\/portal\/index.php?rest_route=%2Fwp%2Fv2%2Fmedia&parent=149506"}],"wp:term":[{"taxonomy":"category","embeddable":true,"href":"https:\/\/aconteceunovale.com.br\/portal\/index.php?rest_route=%2Fwp%2Fv2%2Fcategories&post=149506"},{"taxonomy":"post_tag","embeddable":true,"href":"https:\/\/aconteceunovale.com.br\/portal\/index.php?rest_route=%2Fwp%2Fv2%2Ftags&post=149506"}],"curies":[{"name":"wp","href":"https:\/\/api.w.org\/{rel}","templated":true}]}}