{"id":149483,"date":"2019-07-02T08:46:44","date_gmt":"2019-07-02T10:46:44","guid":{"rendered":"http:\/\/aconteceunovale.com.br\/portal\/?p=149483"},"modified":"2019-07-02T08:46:44","modified_gmt":"2019-07-02T10:46:44","slug":"homem-morre-prensado-em-caminhao-de-lixo-em-sao-romao-no-norte-de-minas","status":"publish","type":"post","link":"https:\/\/aconteceunovale.com.br\/portal\/?p=149483","title":{"rendered":"Homem morre prensado em caminh\u00e3o de lixo em S\u00e3o Rom\u00e3o, no Norte de Minas"},"content":{"rendered":"<p>Uma fatalidade foi registrada na manh\u00e3 de segunda-feira (01\/07) em S\u00e3o Rom\u00e3o, no Norte do Estado. Edenir Divino Silqueira Leite, de 35 anos, trabalhava em um caminh\u00e3o de coleta de lixo e, no in\u00edcio da manh\u00e3, ao tentar consertar uma pane na p\u00e1 que recolhe os res\u00edduos para o interior do ve\u00edculo, foi esmagado pela pe\u00e7a met\u00e1lica. <\/p>\n<p>A v\u00edtima trabalhava na fun\u00e7\u00e3o desde 2007. A prefeitura da cidade decretou luto oficial de tr\u00eas dias. A Pol\u00edcia Civil vai investigar o caso.<\/p>\n<p><em>Leandro Silva | Aconteceu no Vale<br \/>\nPublicado em: 02\/07\/2019, \u00e0s 07h46<\/em><\/p>\n<p><strong>VER PRIMEIRO<\/strong><\/p>\n<p>Receba as not\u00edcias do Aconteceu no Vale em primeira m\u00e3o. Clique em curtir no endere\u00e7o <a href=\"https:\/\/www.facebook.com\/aconteceunovale\" target=\"_blank\"><font color=\"red\">www.facebook.com\/aconteceunovale<\/font><\/a> ou no box abaixo:<\/p>\n<div class=\"fb-like\" data-href=\"https:\/\/www.facebook.com\/aconteceunovale\" data-width=\"120\" data-layout=\"standard\" data-action=\"like\" data-size=\"small\" data-show-faces=\"true\" data-share=\"true\"><\/div>\n<p><!-- Erro, o An\u00fancio n\u00e3o est\u00e1 dispon\u00edvel neste momento devido \u00e0s restri\u00e7\u00f5es de agendamento\/geolocaliza\u00e7\u00e3o! --><br \/>\n<\/br><\/p>\n","protected":false},"excerpt":{"rendered":"<p>Uma fatalidade foi registrada na manh\u00e3 de segunda-feira (01\/07) em S\u00e3o Rom\u00e3o, no Norte do Estado. Edenir Divino Silqueira Leite, de 35 anos, trabalhava em um caminh\u00e3o de coleta de lixo e, no in\u00edcio da manh\u00e3, ao tentar consertar uma pane na p\u00e1 que recolhe os res\u00edduos para o interior do ve\u00edculo, foi esmagado pela [&hellip;]<\/p>\n","protected":false},"author":1,"featured_media":71442,"comment_status":"open","ping_status":"closed","sticky":false,"template":"","format":"standard","meta":{"amp_status":"","footnotes":""},"categories":[1236],"tags":[203394,203395,203392,33228,203393,1811],"class_list":["post-149483","post","type-post","status-publish","format-standard","has-post-thumbnail","hentry","category-norte_de_minas","tag-acidente-em-sao-romao","tag-edenir-divino-silqueira-leite","tag-homem-morre-prensado-em-caminhao-de-lixo-em-sao-romao","tag-no-norte-de-minas","tag-prensado-em-caminhao-de-lixo-em-sao-romao","tag-sao-romao"],"_links":{"self":[{"href":"https:\/\/aconteceunovale.com.br\/portal\/index.php?rest_route=\/wp\/v2\/posts\/149483","targetHints":{"allow":["GET"]}}],"collection":[{"href":"https:\/\/aconteceunovale.com.br\/portal\/index.php?rest_route=\/wp\/v2\/posts"}],"about":[{"href":"https:\/\/aconteceunovale.com.br\/portal\/index.php?rest_route=\/wp\/v2\/types\/post"}],"author":[{"embeddable":true,"href":"https:\/\/aconteceunovale.com.br\/portal\/index.php?rest_route=\/wp\/v2\/users\/1"}],"replies":[{"embeddable":true,"href":"https:\/\/aconteceunovale.com.br\/portal\/index.php?rest_route=%2Fwp%2Fv2%2Fcomments&post=149483"}],"version-history":[{"count":0,"href":"https:\/\/aconteceunovale.com.br\/portal\/index.php?rest_route=\/wp\/v2\/posts\/149483\/revisions"}],"wp:featuredmedia":[{"embeddable":true,"href":"https:\/\/aconteceunovale.com.br\/portal\/index.php?rest_route=\/wp\/v2\/media\/71442"}],"wp:attachment":[{"href":"https:\/\/aconteceunovale.com.br\/portal\/index.php?rest_route=%2Fwp%2Fv2%2Fmedia&parent=149483"}],"wp:term":[{"taxonomy":"category","embeddable":true,"href":"https:\/\/aconteceunovale.com.br\/portal\/index.php?rest_route=%2Fwp%2Fv2%2Fcategories&post=149483"},{"taxonomy":"post_tag","embeddable":true,"href":"https:\/\/aconteceunovale.com.br\/portal\/index.php?rest_route=%2Fwp%2Fv2%2Ftags&post=149483"}],"curies":[{"name":"wp","href":"https:\/\/api.w.org\/{rel}","templated":true}]}}