{"id":149419,"date":"2019-06-28T12:15:39","date_gmt":"2019-06-28T14:15:39","guid":{"rendered":"http:\/\/aconteceunovale.com.br\/portal\/?p=149419"},"modified":"2019-06-28T12:15:39","modified_gmt":"2019-06-28T14:15:39","slug":"estado-indeniza-homem-agredido-por-policial-durante-manifestacao-em-ipatinga","status":"publish","type":"post","link":"https:\/\/aconteceunovale.com.br\/portal\/?p=149419","title":{"rendered":"Estado indeniza homem agredido por policial durante manifesta\u00e7\u00e3o em Ipatinga"},"content":{"rendered":"<p>O Estado de Minas Gerais dever\u00e1 indenizar em R$ 15 mil, por danos morais, um homem que foi agredido por um policial militar, durante uma manifesta\u00e7\u00e3o de trabalhadores. A decis\u00e3o \u00e9 da 19\u00aa C\u00e2mara C\u00edvel do Tribunal de Justi\u00e7a mineiro.<br \/>\n<center><br \/>\n<!-- Erro, o An\u00fancio n\u00e3o est\u00e1 dispon\u00edvel neste momento devido \u00e0s restri\u00e7\u00f5es de agendamento\/geolocaliza\u00e7\u00e3o! --><br \/>\n<\/br><br \/>\n<\/center><br \/>\nO homem narrou nos autos que em 16 de dezembro de 2016 participava de assembleia promovida pelo Sindicato dos Metal\u00fargicos de Ipatinga e Regi\u00e3o e pela Usiminas S\/A, quando ocorriam manifesta\u00e7\u00f5es pac\u00edficas com faixas, bandeiras e carro de som.<\/p>\n<p>De acordo com o autor da a\u00e7\u00e3o, em determinado momento, ele foi repentina e violentamente agredido com golpes de bast\u00e3o pelo policial militar, o que lhe causou fratura no bra\u00e7o direito.<\/p>\n<p>Em decorr\u00eancia das les\u00f5es, afirmou, ficou cerca de 60 dias sem trabalhar e suportou intensos sofrimentos f\u00edsico e ps\u00edquico. Pediu assim que o Estado de Minas Gerais Gerais fosse condenado a indeniz\u00e1-lo por lucros cessantes e danos morais e arcasse com os custos de tratamento psicol\u00f3gico.<\/p>\n<p>Em sua defesa, o estado sustentou que o agente agiu no cumprimento de um dever legal, a fim de estabelecer a ordem e organizar o tr\u00e2nsito no local dos fatos, n\u00e3o se caracterizando nenhum ato il\u00edcito a ser indenizado.<\/p>\n<p>Alegou ainda que n\u00e3o estava comprovada a rela\u00e7\u00e3o de causalidade entre a conduta estatal e os danos alegados pelo autor.<\/p>\n<p>Em primeira inst\u00e2ncia, a 1\u00aa Vara C\u00edvel da Comarca de Tim\u00f3teo negou o pedido de dano material e condenou o estado a pagar ao r\u00e9u R$ 15 mil por danos morais.<\/p>\n<p>Diante da senten\u00e7a, ambas as partes recorreram. O agredido pediu o aumento do valor da indeniza\u00e7\u00e3o fixada e reiterou fazer jus \u00e0 compensa\u00e7\u00e3o pelos lucros cessantes.<\/p>\n<p>O estado, por sua vez, defendeu que o abalo moral n\u00e3o tinha sido comprovado e que as les\u00f5es decorrentes da conduta do agente p\u00fablico n\u00e3o haviam abalado a honra ou a imagem da v\u00edtima. Pediu alternativamente que, caso mantida a condena\u00e7\u00e3o, o valor da indeniza\u00e7\u00e3o fosse reduzido.<\/p>\n<p><strong>Conduta violenta e desproporcional<\/strong><\/p>\n<p>O relator, desembargador Carlos Henrique Perp\u00e9tuo Braga, observou que os fatos narrados pela v\u00edtima eram incontroversos, j\u00e1 que n\u00e3o foram contestados pelo estado, que se insurgiu apenas com rela\u00e7\u00e3o aos danos morais.<\/p>\n<p>O magistrado verificou que, por se tratar de pessoa jur\u00eddica de direito p\u00fablico, o estado responde objetivamente pelos danos que os seus prepostos, nessa condi\u00e7\u00e3o, causarem a terceiros, de acordo com a Constitui\u00e7\u00e3o da Rep\u00fablica.<\/p>\n<p>\u201cNo caso, est\u00e3o inequivocamente comprovados a ilegalidade da conduta do agente p\u00fablico, o dano e o nexo de causalidade entre eles\u201d, afirmou.<\/p>\n<p>O relator ressaltou ainda n\u00e3o pairar d\u00favidas quanto aos danos morais advindos das agress\u00f5es suportadas pela v\u00edtima, \u201cque teve o bra\u00e7o direito fraturado por golpes de cassetete, resultando-lhe dores, desconforto f\u00edsico e incapacidade para suas ocupa\u00e7\u00f5es habituais\u201d, conforme laudo do IML e relat\u00f3rio m\u00e9dico.<\/p>\n<p>Para o desembargador, a conduta do agente foi \u201cviolenta e desproporcional\u201d e ofendeu a honra e a imagem do autor da a\u00e7\u00e3o, \u201cque apanhou em via p\u00fablica, na presen\u00e7a de centenas de pessoas\u201d.<\/p>\n<p>Em rela\u00e7\u00e3o aos lucros cessantes, o relator observou que o homem comprovou ter ficado impossibilitado de exercer suas ocupa\u00e7\u00f5es habituais e de trabalhar por mais de 60 dias. Contudo, o autor da a\u00e7\u00e3o n\u00e3o apresentou provas de que trabalhava \u00e0 \u00e9poca dos fatos, e o \u00faltimo v\u00ednculo empregat\u00edcio constante em sua carteira de trabalho datava de 2002.<\/p>\n<p>Dessa maneira, julgou que n\u00e3o cabiam os danos materiais, mantendo a compensa\u00e7\u00e3o de R$ 15 mil pelos danos morais.<\/p>\n<p>Os desembargadores Wagner Wilson Ferreira e Bitencourt Marcondes votaram de acordo com o relator.<\/p>\n<p><strong>VER PRIMEIRO<\/strong><\/p>\n<p>Receba as not\u00edcias do Aconteceu no Vale em primeira m\u00e3o. Clique em curtir no endere\u00e7o <a href=\"https:\/\/www.facebook.com\/aconteceunovale\" target=\"_blank\"><font color=\"red\">www.facebook.com\/aconteceunovale<\/font><\/a> ou no box abaixo:<\/p>\n<div class=\"fb-like\" data-href=\"https:\/\/www.facebook.com\/aconteceunovale\" data-width=\"120\" data-layout=\"standard\" data-action=\"like\" data-size=\"small\" data-show-faces=\"true\" data-share=\"true\"><\/div>\n<p><!-- Erro, o An\u00fancio n\u00e3o est\u00e1 dispon\u00edvel neste momento devido \u00e0s restri\u00e7\u00f5es de agendamento\/geolocaliza\u00e7\u00e3o! --><br \/>\n<\/br><\/p>\n<p><em>(Fonte: TJMG)<\/em><\/p>\n","protected":false},"excerpt":{"rendered":"<p>O Estado de Minas Gerais dever\u00e1 indenizar em R$ 15 mil, por danos morais, um homem que foi agredido por um policial militar, durante uma manifesta\u00e7\u00e3o de trabalhadores. A decis\u00e3o \u00e9 da 19\u00aa C\u00e2mara C\u00edvel do Tribunal de Justi\u00e7a mineiro. O homem narrou nos autos que em 16 de dezembro de 2016 participava de assembleia [&hellip;]<\/p>\n","protected":false},"author":1,"featured_media":149085,"comment_status":"open","ping_status":"closed","sticky":false,"template":"","format":"standard","meta":{"amp_status":"","footnotes":""},"categories":[121],"tags":[203281,203276,203280,203277,203278,203279,203275,201,203282,6808],"class_list":["post-149419","post","type-post","status-publish","format-standard","has-post-thumbnail","hentry","category-leste","tag-agredido-durante-manifestacao-em-ipatinga","tag-agredido-por-pm-em-ipatinga","tag-agredido-por-policial-durante-manifestacao-em-ipatinga","tag-agredido-por-policial-em-ipatinga","tag-agredido-por-policial-militar-em-ipatinga","tag-estado-indeniza-homem-agredido-por-policial-durante-manifestacao-em-ipatinga","tag-estado-indeniza-homem-agredido-por-policial-militar-durante-manifestacao-em-ipatinga","tag-ipatinga","tag-sindicato-dos-metalurgicos-de-ipatinga","tag-usiminas"],"_links":{"self":[{"href":"https:\/\/aconteceunovale.com.br\/portal\/index.php?rest_route=\/wp\/v2\/posts\/149419","targetHints":{"allow":["GET"]}}],"collection":[{"href":"https:\/\/aconteceunovale.com.br\/portal\/index.php?rest_route=\/wp\/v2\/posts"}],"about":[{"href":"https:\/\/aconteceunovale.com.br\/portal\/index.php?rest_route=\/wp\/v2\/types\/post"}],"author":[{"embeddable":true,"href":"https:\/\/aconteceunovale.com.br\/portal\/index.php?rest_route=\/wp\/v2\/users\/1"}],"replies":[{"embeddable":true,"href":"https:\/\/aconteceunovale.com.br\/portal\/index.php?rest_route=%2Fwp%2Fv2%2Fcomments&post=149419"}],"version-history":[{"count":0,"href":"https:\/\/aconteceunovale.com.br\/portal\/index.php?rest_route=\/wp\/v2\/posts\/149419\/revisions"}],"wp:featuredmedia":[{"embeddable":true,"href":"https:\/\/aconteceunovale.com.br\/portal\/index.php?rest_route=\/wp\/v2\/media\/149085"}],"wp:attachment":[{"href":"https:\/\/aconteceunovale.com.br\/portal\/index.php?rest_route=%2Fwp%2Fv2%2Fmedia&parent=149419"}],"wp:term":[{"taxonomy":"category","embeddable":true,"href":"https:\/\/aconteceunovale.com.br\/portal\/index.php?rest_route=%2Fwp%2Fv2%2Fcategories&post=149419"},{"taxonomy":"post_tag","embeddable":true,"href":"https:\/\/aconteceunovale.com.br\/portal\/index.php?rest_route=%2Fwp%2Fv2%2Ftags&post=149419"}],"curies":[{"name":"wp","href":"https:\/\/api.w.org\/{rel}","templated":true}]}}