{"id":149417,"date":"2019-06-28T04:29:11","date_gmt":"2019-06-28T06:29:11","guid":{"rendered":"http:\/\/aconteceunovale.com.br\/portal\/?p=149417"},"modified":"2019-06-28T04:29:11","modified_gmt":"2019-06-28T06:29:11","slug":"ministerio-publico-recomenda-reducao-de-tarifa-de-onibus-em-montes-claros","status":"publish","type":"post","link":"https:\/\/aconteceunovale.com.br\/portal\/?p=149417","title":{"rendered":"Minist\u00e9rio P\u00fablico recomenda redu\u00e7\u00e3o de tarifa de \u00f4nibus em Montes Claros"},"content":{"rendered":"<p>O Minist\u00e9rio P\u00fablico de Minas Gerais (MPMG) recomendou ao Munic\u00edpio de Montes Claros, no Norte do estado, a redu\u00e7\u00e3o da tarifa do transporte coletivo urbano na cidade de R$ 2,85 para R$2,50, a partir do dia 1\u00ba de julho, de forma a dar cumprimento simult\u00e2neo a duas decis\u00f5es judiciais sobre o assunto.<br \/>\n<center><br \/>\n<!-- Erro, o An\u00fancio n\u00e3o est\u00e1 dispon\u00edvel neste momento devido \u00e0s restri\u00e7\u00f5es de agendamento\/geolocaliza\u00e7\u00e3o! --><br \/>\n<\/br><br \/>\n<\/center><br \/>\nA primeira decis\u00e3o, oriunda de mandado de seguran\u00e7a impetrado (5013509-08.2018.8.13.0433), em 2018, por uma das empresas concession\u00e1rias, determinou o aumento da tarifa dos atuais R$ 2,85 para R$ 3,01, em virtude do crescimento dos custos da presta\u00e7\u00e3o do servi\u00e7o p\u00fablico.<\/p>\n<p>A segunda decis\u00e3o, originada de A\u00e7\u00e3o Civil Coletiva (043309286666-7) ajuizada, em 2009, pelo Minist\u00e9rio P\u00fablico, determinou o desconto mensal na tarifa, durante os pr\u00f3ximos dois anos, do valor indevidamente cobrado dos consumidores entre abril de 2009 e abril de 2011 (diferen\u00e7a de R$ 0,35, o que, em valores atualizados, representa R$ 0,56), em virtude de aumento, de R$ 1,55 para R$ 1,90, ocorrido em abril de 2009 e considerado ilegal pela Justi\u00e7a.<\/p>\n<p>A Recomenda\u00e7\u00e3o do MPMG busca conjugar as decis\u00f5es judiciais. Dessa forma, segundo a institui\u00e7\u00e3o, a tarifa deve ser elevada para R$ 3,01 e, em seguida, reduzida em R$ 0,56, o que, em valores arredondados para facilita\u00e7\u00e3o de troco, redunda em tarifa final de R$ 2,50, vigente pelo menos at\u00e9 o in\u00edcio das opera\u00e7\u00f5es do cons\u00f3rcio vencedor de recente licita\u00e7\u00e3o do setor, cuja proposta tarif\u00e1ria apresentada no certame foi de R$ 2,75.<\/p>\n<p>Segundo a Promotoria de Justi\u00e7a de Defesa do Consumidor de Montes Claros, a medida representa o in\u00edcio do ressarcimento dos consumidores lesados pelo aumento ilegal ocorrido em 2009, quando a tarifa foi majorada de R$ 1,55 para em R$ 1,90, valor em que foi mantida por dois anos, apesar de evidentes falhas na planilha de custos e do descumprimento das empresas concession\u00e1rias de suas obriga\u00e7\u00f5es de moderniza\u00e7\u00e3o da frota.<\/p>\n<p>Ainda conforme apurado pelo MPMG, em reuni\u00e3o realizada com representantes do Munic\u00edpio e da MCTrans nessa quarta-feira, 26, nos pr\u00f3ximos meses, com o in\u00edcio da presta\u00e7\u00e3o do servi\u00e7o p\u00fablico com base em novo contrato decorrente da recentemente finalizada concorr\u00eancia 01\/2017, acompanhada pela Promotoria de Justi\u00e7a durante todo seu transcorrer, haver\u00e1 novas mudan\u00e7as no transporte coletivo urbano em Montes Claros.<\/p>\n<p>Durante a reuni\u00e3o, o Minist\u00e9rio P\u00fablico foi informado de que a cidade deve receber mais \u00f4nibus, contar com ve\u00edculos mais modernos, dotados de ar-condicionado, al\u00e9m de serem instalados nos principais pontos de parada pain\u00e9is eletr\u00f4nicos indicativos, em tempo real, da previs\u00e3o de chegada dos pr\u00f3ximos ve\u00edculos, cujos deslocamentos poder\u00e3o ainda ser acompanhados pelos usu\u00e1rios em aplicativos de celular.<\/p>\n<p><strong>VER PRIMEIRO<\/strong><\/p>\n<p>Receba as not\u00edcias do Aconteceu no Vale em primeira m\u00e3o. Clique em curtir no endere\u00e7o <a href=\"https:\/\/www.facebook.com\/aconteceunovale\" target=\"_blank\"><font color=\"red\">www.facebook.com\/aconteceunovale<\/font><\/a> ou no box abaixo:<\/p>\n<div class=\"fb-like\" data-href=\"https:\/\/www.facebook.com\/aconteceunovale\" data-width=\"120\" data-layout=\"standard\" data-action=\"like\" data-size=\"small\" data-show-faces=\"true\" data-share=\"true\"><\/div>\n<p><!-- Erro, o An\u00fancio n\u00e3o est\u00e1 dispon\u00edvel neste momento devido \u00e0s restri\u00e7\u00f5es de agendamento\/geolocaliza\u00e7\u00e3o! --><br \/>\n<\/br><\/p>\n<p><em>(Fonte: MPMG)<\/em><\/p>\n","protected":false},"excerpt":{"rendered":"<p>O Minist\u00e9rio P\u00fablico de Minas Gerais (MPMG) recomendou ao Munic\u00edpio de Montes Claros, no Norte do estado, a redu\u00e7\u00e3o da tarifa do transporte coletivo urbano na cidade de R$ 2,85 para R$2,50, a partir do dia 1\u00ba de julho, de forma a dar cumprimento simult\u00e2neo a duas decis\u00f5es judiciais sobre o assunto. A primeira decis\u00e3o, [&hellip;]<\/p>\n","protected":false},"author":1,"featured_media":59447,"comment_status":"open","ping_status":"closed","sticky":false,"template":"","format":"standard","meta":{"amp_status":"","footnotes":""},"categories":[1236],"tags":[1018,19674,203273,210,19675,12993,203272,203274,136573],"class_list":["post-149417","post","type-post","status-publish","format-standard","has-post-thumbnail","hentry","category-norte_de_minas","tag-destaque","tag-ministerio-publico-de-minas-gerais","tag-ministerio-publico-recomenda-reducao-de-tarifa-de-onibus-em-montes-claros","tag-montes-claros","tag-mpmg","tag-passagem-de-onibus-em-montes-claros","tag-passagem-em-montes-claros","tag-reducao-de-tarifa-de-onibus-em-montes-claros","tag-tarifa-de-onibus-em-montes-claros"],"_links":{"self":[{"href":"https:\/\/aconteceunovale.com.br\/portal\/index.php?rest_route=\/wp\/v2\/posts\/149417","targetHints":{"allow":["GET"]}}],"collection":[{"href":"https:\/\/aconteceunovale.com.br\/portal\/index.php?rest_route=\/wp\/v2\/posts"}],"about":[{"href":"https:\/\/aconteceunovale.com.br\/portal\/index.php?rest_route=\/wp\/v2\/types\/post"}],"author":[{"embeddable":true,"href":"https:\/\/aconteceunovale.com.br\/portal\/index.php?rest_route=\/wp\/v2\/users\/1"}],"replies":[{"embeddable":true,"href":"https:\/\/aconteceunovale.com.br\/portal\/index.php?rest_route=%2Fwp%2Fv2%2Fcomments&post=149417"}],"version-history":[{"count":0,"href":"https:\/\/aconteceunovale.com.br\/portal\/index.php?rest_route=\/wp\/v2\/posts\/149417\/revisions"}],"wp:featuredmedia":[{"embeddable":true,"href":"https:\/\/aconteceunovale.com.br\/portal\/index.php?rest_route=\/wp\/v2\/media\/59447"}],"wp:attachment":[{"href":"https:\/\/aconteceunovale.com.br\/portal\/index.php?rest_route=%2Fwp%2Fv2%2Fmedia&parent=149417"}],"wp:term":[{"taxonomy":"category","embeddable":true,"href":"https:\/\/aconteceunovale.com.br\/portal\/index.php?rest_route=%2Fwp%2Fv2%2Fcategories&post=149417"},{"taxonomy":"post_tag","embeddable":true,"href":"https:\/\/aconteceunovale.com.br\/portal\/index.php?rest_route=%2Fwp%2Fv2%2Ftags&post=149417"}],"curies":[{"name":"wp","href":"https:\/\/api.w.org\/{rel}","templated":true}]}}