{"id":149333,"date":"2019-06-20T21:08:37","date_gmt":"2019-06-20T23:08:37","guid":{"rendered":"http:\/\/aconteceunovale.com.br\/portal\/?p=149333"},"modified":"2019-06-20T21:08:37","modified_gmt":"2019-06-20T23:08:37","slug":"abro-mao-da-reeleicao-se-brasil-passar-por-reforma-politica-diz-bolsonaro","status":"publish","type":"post","link":"https:\/\/aconteceunovale.com.br\/portal\/?p=149333","title":{"rendered":"Abro m\u00e3o da reelei\u00e7\u00e3o se Brasil passar por reforma pol\u00edtica, diz Bolsonaro"},"content":{"rendered":"<p>O presidente da Rep\u00fablica, Jair Bolsonaro, disse na tarde de hoje (20), ap\u00f3s participar da 27\u00aa edi\u00e7\u00e3o da Marcha Para Jesus, na capital paulista, que abriria m\u00e3o da reelei\u00e7\u00e3o se o Brasil passar por uma s\u00e9ria reforma pol\u00edtica. &#8220;Agora se n\u00e3o tiver uma boa reforma pol\u00edtica e o povo quiser, estamos a\u00ed para continuar mais quatro anos&#8221;.<br \/>\n<center><br \/>\n<!-- Erro, o An\u00fancio n\u00e3o est\u00e1 dispon\u00edvel neste momento devido \u00e0s restri\u00e7\u00f5es de agendamento\/geolocaliza\u00e7\u00e3o! --><br \/>\n<\/br><br \/>\n<\/center><br \/>\nDurante seu discurso, Bolsonaro disse que o estado \u00e9 laico, mas o presidente \u00e9 crist\u00e3o. &#8220;Voc\u00eas [evang\u00e9licos] foram decisivos para mudar o destino dessa p\u00e1tria maravilhosa chamada Brasil. Todos n\u00f3s compartilhamos dessa responsabilidade, onde primeiro Deus, depois a fam\u00edlia respeitada e tradicional acima de tudo&#8221;.<\/p>\n<p>Aos evang\u00e9licos, Bolsonaro disse que todos sabem que o Brasil tem problemas s\u00e9rios de \u00e9tica, moral e economia, mas entende ser poss\u00edvel reverter essa condi\u00e7\u00e3o.<\/p>\n<p>&#8220;Podemos ser o ponto de inflex\u00e3o mas entendemos que \u00e9 poss\u00edvel fazer com que um dia o Brasil seja colocado no local de destaque que merece&#8221;. <\/p>\n<p><img decoding=\"async\" src=\"http:\/\/aconteceunovale.com.br\/portal\/wp-content\/uploads\/2019\/06\/bolsonaro_marcha.jpg\" alt=\"\" \/><em>Foto: Rovena Rosa\/Ag\u00eancia Brasil<\/em><br \/>\n<\/br><\/p>\n<p><strong>Entrevista a jornalistas<\/strong><\/p>\n<p>Bolsonaro disse \u00e0 imprensa que pegou o Brasil arrebentado economicamente e que o governo est\u00e1 trabalhando para reverter a situa\u00e7\u00e3o. <\/p>\n<p>&#8220;N\u00e3o h\u00e1 ato de corrup\u00e7\u00e3o no meu governo. Quem cria emprego n\u00e3o \u00e9 presidente, \u00e9 a iniciativa privada. N\u00f3s queremos que, uma vez que os empreendedores tenham confian\u00e7a em n\u00f3s, eles invistam&#8221;, disse o presidente.<\/p>\n<p>Bolsonaro tornou a minimizar o caso de vazamentos de supostas conversas do ministro da Justi\u00e7a, Sergio Moro, e disse que Moro \u00e9 um patrim\u00f4nio nacional, respons\u00e1vel por um excelente trabalho ap\u00f3s o que chamou de saque no Brasil, resultado da corrup\u00e7\u00e3o. &#8220;O juiz conversa com ambas as partes. Se \u00e9 que \u00e9 verdade aquilo, n\u00e3o vejo nada demais. Eu jamais vou inquiri-lo&#8221;. <\/p>\n<p>Quando questionado sobre declara\u00e7\u00f5es do ex-ministro general Calos Alberto Santos Cruz de que h\u00e1 muita bobagem no governo, Bolsonaro disse que o general \u00e9 p\u00e1gina virada. &#8220;Ele integrou o governo por seis meses e nunca disse que tinha bobagem l\u00e1 dentro&#8221;.<\/p>\n<p>O presidente ressaltou ainda que sobrevoou a cidade de Miracatu, no Vale do Ribeira, e verificou a exist\u00eancia de montanhas de grafeno (subst\u00e2ncia extra\u00edda de camadas superficiais de grafite e que, pelas suas propriedades f\u00edsicas tem diversas aplica\u00e7\u00f5es tecnonol\u00f3gicas), mat\u00e9ria-prima que o mundo inteiro quer. &#8220;Falta uma tecnologia um pouco mais apurada para que se tire o grafeno de l\u00e1&#8221;.<\/p>\n<p><strong>Marcha para Jesus<\/strong><\/p>\n<p>A Marcha para Jesus \u00e9 um aberto \u00e0 popula\u00e7\u00e3o e tem como objetivo reunir igrejas crist\u00e3s do pa\u00eds e do mundo. O encontro come\u00e7ou com uma caminhada que saiu do esta\u00e7\u00e3o Metr\u00f4 Luz, na regi\u00e3o central da capital paulista, \u00e0s 10h, e seguiu em dire\u00e7\u00e3o \u00e0 Pra\u00e7a Her\u00f3is da For\u00e7a Expedicion\u00e1ria Brasileira, pr\u00f3ximo ao Campo de Marte, na zona norte de S\u00e3o Paulo. <\/p>\n<p>Participaram do percurso de 3,5 quil\u00f4metros, 10 trios el\u00e9tricos acompanhados por mais de 3 mil caravanas de v\u00e1rias partes do pa\u00eds. O evento recebeu dezenas de bandas, cantores e cantoras do segmento gospel.<\/p>\n<p><strong>VER PRIMEIRO<\/strong><\/p>\n<p>Receba as not\u00edcias do Aconteceu no Vale em primeira m\u00e3o. Clique em curtir no endere\u00e7o <a href=\"https:\/\/www.facebook.com\/aconteceunovale\" target=\"_blank\"><font color=\"red\">www.facebook.com\/aconteceunovale<\/font><\/a> ou no box abaixo:<\/p>\n<div class=\"fb-like\" data-href=\"https:\/\/www.facebook.com\/aconteceunovale\" data-width=\"120\" data-layout=\"standard\" data-action=\"like\" data-size=\"small\" data-show-faces=\"true\" data-share=\"true\"><\/div>\n<p><!-- Erro, o An\u00fancio n\u00e3o est\u00e1 dispon\u00edvel neste momento devido \u00e0s restri\u00e7\u00f5es de agendamento\/geolocaliza\u00e7\u00e3o! --><br \/>\n<\/br><\/p>\n<p><em>(Fonte: Ag\u00eancia Brasil)<\/em><\/p>\n","protected":false},"excerpt":{"rendered":"<p>O presidente da Rep\u00fablica, Jair Bolsonaro, disse na tarde de hoje (20), ap\u00f3s participar da 27\u00aa edi\u00e7\u00e3o da Marcha Para Jesus, na capital paulista, que abriria m\u00e3o da reelei\u00e7\u00e3o se o Brasil passar por uma s\u00e9ria reforma pol\u00edtica. &#8220;Agora se n\u00e3o tiver uma boa reforma pol\u00edtica e o povo quiser, estamos a\u00ed para continuar mais [&hellip;]<\/p>\n","protected":false},"author":1,"featured_media":149334,"comment_status":"open","ping_status":"closed","sticky":false,"template":"","format":"standard","meta":{"amp_status":"","footnotes":""},"categories":[6,40240],"tags":[203172,100375,203171,185015,203170,20744,20098,2382],"class_list":["post-149333","post","type-post","status-publish","format-standard","has-post-thumbnail","hentry","category-br","category-politica-2","tag-abro-mao-da-reeleicao-se-brasil-passar-por-reforma-politica","tag-bolsonaro","tag-bolsonaro-na-marcha-para-jesus","tag-diz-bolsonaro","tag-marcha-para-jesus","tag-reeleicao","tag-reforma-politica","tag-sao-paulo"],"_links":{"self":[{"href":"https:\/\/aconteceunovale.com.br\/portal\/index.php?rest_route=\/wp\/v2\/posts\/149333","targetHints":{"allow":["GET"]}}],"collection":[{"href":"https:\/\/aconteceunovale.com.br\/portal\/index.php?rest_route=\/wp\/v2\/posts"}],"about":[{"href":"https:\/\/aconteceunovale.com.br\/portal\/index.php?rest_route=\/wp\/v2\/types\/post"}],"author":[{"embeddable":true,"href":"https:\/\/aconteceunovale.com.br\/portal\/index.php?rest_route=\/wp\/v2\/users\/1"}],"replies":[{"embeddable":true,"href":"https:\/\/aconteceunovale.com.br\/portal\/index.php?rest_route=%2Fwp%2Fv2%2Fcomments&post=149333"}],"version-history":[{"count":0,"href":"https:\/\/aconteceunovale.com.br\/portal\/index.php?rest_route=\/wp\/v2\/posts\/149333\/revisions"}],"wp:featuredmedia":[{"embeddable":true,"href":"https:\/\/aconteceunovale.com.br\/portal\/index.php?rest_route=\/wp\/v2\/media\/149334"}],"wp:attachment":[{"href":"https:\/\/aconteceunovale.com.br\/portal\/index.php?rest_route=%2Fwp%2Fv2%2Fmedia&parent=149333"}],"wp:term":[{"taxonomy":"category","embeddable":true,"href":"https:\/\/aconteceunovale.com.br\/portal\/index.php?rest_route=%2Fwp%2Fv2%2Fcategories&post=149333"},{"taxonomy":"post_tag","embeddable":true,"href":"https:\/\/aconteceunovale.com.br\/portal\/index.php?rest_route=%2Fwp%2Fv2%2Ftags&post=149333"}],"curies":[{"name":"wp","href":"https:\/\/api.w.org\/{rel}","templated":true}]}}