{"id":149247,"date":"2019-06-16T19:22:23","date_gmt":"2019-06-16T21:22:23","guid":{"rendered":"http:\/\/aconteceunovale.com.br\/portal\/?p=149247"},"modified":"2019-06-16T19:22:23","modified_gmt":"2019-06-16T21:22:23","slug":"universidades-vao-ajudar-na-recuperacao-da-bacia-do-rio-doce","status":"publish","type":"post","link":"https:\/\/aconteceunovale.com.br\/portal\/?p=149247","title":{"rendered":"Universidades v\u00e3o ajudar na recupera\u00e7\u00e3o da bacia do Rio Doce"},"content":{"rendered":"<p>Universidades de Minas Gerais e do Esp\u00edrito Santo v\u00e3o participar de pesquisas para identificar formas de recupera\u00e7\u00e3o das \u00e1reas da bacia do Rio Doce, impactadas pelo rompimento da barragem de Fund\u00e3o, em Mariana, em 5 de novembro de 2015. A inten\u00e7\u00e3o dos estudos \u00e9 monitorar e gerar solu\u00e7\u00f5es inovadoras para as a\u00e7\u00f5es de repara\u00e7\u00e3o.<br \/>\n<center><br \/>\n<!-- Erro, o An\u00fancio n\u00e3o est\u00e1 dispon\u00edvel neste momento devido \u00e0s restri\u00e7\u00f5es de agendamento\/geolocaliza\u00e7\u00e3o! --><br \/>\n<\/br><br \/>\n<\/center><br \/>\nOs 15 projetos selecionados, entre as 40 propostas recebidas, foram divulgados pela Funda\u00e7\u00e3o de Amparo \u00e0 Pesquisa de Minas Gerais (Fapemig), que desenvolve o trabalho em parceria com a Funda\u00e7\u00e3o Renova e a Funda\u00e7\u00e3o de Amparo \u00e0 Pesquisa do Esp\u00edrito Santo (Fapes). No total, as propostas receber\u00e3o R$ 5,6 milh\u00f5es de apoio aos projetos de pesquisa que t\u00eam dura\u00e7\u00e3o de at\u00e9 dois anos.<\/p>\n<p>H\u00e1 projetos voltados para o desenvolvimento sustent\u00e1vel como o da Universidade Federal de Ouro Preto (Ufop), que prop\u00f5e a utiliza\u00e7\u00e3o do rejeito de barragem de min\u00e9rio para fabrica\u00e7\u00e3o artesanal de tijolos que ser\u00e3o usados na constru\u00e7\u00e3o de moradias.<\/p>\n<p>J\u00e1 a Universidade Federal de Minas Gerais (UFMG) vai desenvolver o projeto de uso do rejeito sedimentado da bacia do Rio Doce no desenvolvimento de componentes para a constru\u00e7\u00e3o civil.<\/p>\n<p>Para a educa\u00e7\u00e3o e a cultura, a Universidade Federal de Vi\u00e7osa (UFV) prop\u00f5e a implanta\u00e7\u00e3o de uma rede de conhecimento e coopera\u00e7\u00e3o entre pesquisadores, alunos e moradores da bacia do Rio Doce. Na \u00e1rea ambiental, da Universidade Federal do Esp\u00edrito Santo (Ufes) pretende desenvolver meios para o monitoramento do ecossistema em \u00e1reas com influ\u00eancia da foz.<\/p>\n<p>Na vis\u00e3o do l\u00edder das a\u00e7\u00f5es de Economia e Inova\u00e7\u00e3o da Funda\u00e7\u00e3o Renova, Paulo Rocha, \u00e9 importante apoiar o desenvolvimento de pesquisas que tragam solu\u00e7\u00f5es conjuntas para os problemas enfrentados no processo de repara\u00e7\u00e3o na bacia. \u201cExiste uma fronteira do conhecimento em v\u00e1rios temas e \u00e1reas em que a pesquisa cient\u00edfica \u00e9 fundamental na busca por solu\u00e7\u00f5es. Entendemos que essa chamada vai nos dar a oportunidade de encontrar respostas que, seguramente, contribuir\u00e3o para esse processo\u201d, disse.<\/p>\n<p>A escolha dos projetos ocorreu por meio de um edital e faz parte de um Acordo de Coopera\u00e7\u00e3o T\u00e9cnica, celebrado em maio de 2017. Nele, est\u00e3o previstas as parcerias entre as institui\u00e7\u00f5es para o fomento e financiamento de estudos com foco na recupera\u00e7\u00e3o das \u00e1reas impactadas pelo rompimento da barragem de Fund\u00e3o.<\/p>\n<p>A Funda\u00e7\u00e3o Renova foi criada em mar\u00e7o de 2016 com a assinatura do Termo de Transa\u00e7\u00e3o e Ajustamento de Conduta (TTAC) entre a Samarco, empresa respons\u00e1vel pela barragem, suas acionistas, os governos federal e dos estados de Minas Gerais e do Esp\u00edrito Santo, al\u00e9m de autarquias, funda\u00e7\u00f5es e institutos ligados ao meio ambiente.<\/p>\n<p>O objetivo da Renova \u00e9 gerir e executar, com autonomia t\u00e9cnica, administrativa e financeira, os programas e a\u00e7\u00f5es de repara\u00e7\u00e3o e compensa\u00e7\u00e3o socioecon\u00f4mica e socioambiental para recuperar, remediar e reparar os impactos causados pelo rompimento da Barragem de Fund\u00e3o.<\/p>\n<p><img decoding=\"async\" src=\"http:\/\/aconteceunovale.com.br\/portal\/wp-content\/uploads\/2019\/06\/rompimento_fundao.jpg\" alt=\"\" \/><em>Foto: L\u00e9o Rodrigues\/Rep\u00f3rter da Ag\u00eancia Brasil<\/em><br \/>\n<\/br><\/p>\n<p><strong>VER PRIMEIRO<\/strong><\/p>\n<p>Receba as not\u00edcias do Aconteceu no Vale em primeira m\u00e3o. Clique em curtir no endere\u00e7o <a href=\"https:\/\/www.facebook.com\/aconteceunovale\" target=\"_blank\"><font color=\"red\">www.facebook.com\/aconteceunovale<\/font><\/a> ou no box abaixo:<\/p>\n<div class=\"fb-like\" data-href=\"https:\/\/www.facebook.com\/aconteceunovale\" data-width=\"120\" data-layout=\"standard\" data-action=\"like\" data-size=\"small\" data-show-faces=\"true\" data-share=\"true\"><\/div>\n<p><!-- Erro, o An\u00fancio n\u00e3o est\u00e1 dispon\u00edvel neste momento devido \u00e0s restri\u00e7\u00f5es de agendamento\/geolocaliza\u00e7\u00e3o! --><br \/>\n<\/br><\/p>\n<p><em>(Fonte: Ag\u00eancia Brasil)<\/em><\/p>\n","protected":false},"excerpt":{"rendered":"<p>Universidades de Minas Gerais e do Esp\u00edrito Santo v\u00e3o participar de pesquisas para identificar formas de recupera\u00e7\u00e3o das \u00e1reas da bacia do Rio Doce, impactadas pelo rompimento da barragem de Fund\u00e3o, em Mariana, em 5 de novembro de 2015. A inten\u00e7\u00e3o dos estudos \u00e9 monitorar e gerar solu\u00e7\u00f5es inovadoras para as a\u00e7\u00f5es de repara\u00e7\u00e3o. Os [&hellip;]<\/p>\n","protected":false},"author":1,"featured_media":149248,"comment_status":"open","ping_status":"closed","sticky":false,"template":"","format":"standard","meta":{"amp_status":"","footnotes":""},"categories":[6,121,123],"tags":[21801,65265,80368,29801,81394,122011,7363,203009,66597,69326,203008,64856,874,765,203010],"class_list":["post-149247","post","type-post","status-publish","format-standard","has-post-thumbnail","hentry","category-br","category-leste","category-gerais","tag-bacia-do-rio-doce","tag-barragem-de-fundao","tag-barragem-fundao","tag-fapemig","tag-fapes","tag-fundacao-renova","tag-mariana","tag-paulo-rocha","tag-recuperacao-da-bacia-do-rio-doce","tag-revitalizacao-da-bacia-do-rio-doce","tag-rumpimento-da-barragem-de-fundao","tag-ufes","tag-ufmg","tag-universidades","tag-universidades-vao-ajudar-na-recuperacao-da-bacia-do-rio-doce"],"_links":{"self":[{"href":"https:\/\/aconteceunovale.com.br\/portal\/index.php?rest_route=\/wp\/v2\/posts\/149247","targetHints":{"allow":["GET"]}}],"collection":[{"href":"https:\/\/aconteceunovale.com.br\/portal\/index.php?rest_route=\/wp\/v2\/posts"}],"about":[{"href":"https:\/\/aconteceunovale.com.br\/portal\/index.php?rest_route=\/wp\/v2\/types\/post"}],"author":[{"embeddable":true,"href":"https:\/\/aconteceunovale.com.br\/portal\/index.php?rest_route=\/wp\/v2\/users\/1"}],"replies":[{"embeddable":true,"href":"https:\/\/aconteceunovale.com.br\/portal\/index.php?rest_route=%2Fwp%2Fv2%2Fcomments&post=149247"}],"version-history":[{"count":0,"href":"https:\/\/aconteceunovale.com.br\/portal\/index.php?rest_route=\/wp\/v2\/posts\/149247\/revisions"}],"wp:featuredmedia":[{"embeddable":true,"href":"https:\/\/aconteceunovale.com.br\/portal\/index.php?rest_route=\/wp\/v2\/media\/149248"}],"wp:attachment":[{"href":"https:\/\/aconteceunovale.com.br\/portal\/index.php?rest_route=%2Fwp%2Fv2%2Fmedia&parent=149247"}],"wp:term":[{"taxonomy":"category","embeddable":true,"href":"https:\/\/aconteceunovale.com.br\/portal\/index.php?rest_route=%2Fwp%2Fv2%2Fcategories&post=149247"},{"taxonomy":"post_tag","embeddable":true,"href":"https:\/\/aconteceunovale.com.br\/portal\/index.php?rest_route=%2Fwp%2Fv2%2Ftags&post=149247"}],"curies":[{"name":"wp","href":"https:\/\/api.w.org\/{rel}","templated":true}]}}