{"id":149243,"date":"2019-06-16T19:01:36","date_gmt":"2019-06-16T21:01:36","guid":{"rendered":"http:\/\/aconteceunovale.com.br\/portal\/?p=149243"},"modified":"2019-06-16T19:01:36","modified_gmt":"2019-06-16T21:01:36","slug":"teofilo-otonense-e-eleito-prefeito-em-cidade-italiana","status":"publish","type":"post","link":"https:\/\/aconteceunovale.com.br\/portal\/?p=149243","title":{"rendered":"Te\u00f3filo-Otonense \u00e9 eleito prefeito em cidade italiana"},"content":{"rendered":"<p>O mineiro Luca Borgna, de 31 anos, concorreu e venceu as elei\u00e7\u00f5es municipais em 26 de maio na pequena cidade de Albaretto della Torre, que tem cerca de 250 habitantes, na regi\u00e3o do Piemonte, no norte da It\u00e1lia. Nascido na cidade de Te\u00f3filo Otoni (MG), Borgna foi adotado com apenas dois meses de vida por uma fam\u00edlia italiana.<br \/>\n<center><br \/>\n<!-- Erro, o An\u00fancio n\u00e3o est\u00e1 dispon\u00edvel neste momento devido \u00e0s restri\u00e7\u00f5es de agendamento\/geolocaliza\u00e7\u00e3o! --><br \/>\n<\/br><br \/>\n<\/center><br \/>\nBorgna foi candidato em uma lista c\u00edvica de posi\u00e7\u00e3o pol\u00edtica neutra. Quase por unanimidade, o brasileiro recebeu 142 de 157 votos totais \u2013 nove foram nulos, e dois, brancos. A candidatura fora apoiada pelo ex-prefeito, Ivan Borgna. Os dois pol\u00edticos, por\u00e9m, n\u00e3o t\u00eam rela\u00e7\u00e3o de parentesco. O nome Borgna \u00e9 comum no pequeno munic\u00edpio.<\/p>\n<p>Luca n\u00e3o \u00e9 marinheiro de primeira viagem. J\u00e1 atuou como conselheiro e assessor p\u00fablico e \u00e9 formado em Enologia, \u00e1rea especializada na produ\u00e7\u00e3o e conserva\u00e7\u00e3o do vinho.<\/p>\n<p>Como bandeira de sua gest\u00e3o, o mineiro promete investir em obras de infraestrutura, sendo o acesso \u00e0 internet uma delas.<\/p>\n<p><img decoding=\"async\" src=\"http:\/\/aconteceunovale.com.br\/portal\/wp-content\/uploads\/2019\/06\/luca_borgna_italia.jpg\" alt=\"\" \/><em>O brasileiro Luca Borgna foi eleito prefeito da cidade italiana de Albaretto della Torre (Foto: Divulga\u00e7\u00e3o)<\/em><br \/>\n<\/br><\/p>\n<p><strong>VER PRIMEIRO<\/strong><\/p>\n<p>Receba as not\u00edcias do Aconteceu no Vale em primeira m\u00e3o. Clique em curtir no endere\u00e7o <a href=\"https:\/\/www.facebook.com\/aconteceunovale\" target=\"_blank\"><font color=\"red\">www.facebook.com\/aconteceunovale<\/font><\/a> ou no box abaixo:<\/p>\n<div class=\"fb-like\" data-href=\"https:\/\/www.facebook.com\/aconteceunovale\" data-width=\"120\" data-layout=\"standard\" data-action=\"like\" data-size=\"small\" data-show-faces=\"true\" data-share=\"true\"><\/div>\n<p><!-- Erro, o An\u00fancio n\u00e3o est\u00e1 dispon\u00edvel neste momento devido \u00e0s restri\u00e7\u00f5es de agendamento\/geolocaliza\u00e7\u00e3o! --><br \/>\n<\/br><\/p>\n<p><em>(Fonte: Veja com Ansa)<\/em><\/p>\n","protected":false},"excerpt":{"rendered":"<p>O mineiro Luca Borgna, de 31 anos, concorreu e venceu as elei\u00e7\u00f5es municipais em 26 de maio na pequena cidade de Albaretto della Torre, que tem cerca de 250 habitantes, na regi\u00e3o do Piemonte, no norte da It\u00e1lia. Nascido na cidade de Te\u00f3filo Otoni (MG), Borgna foi adotado com apenas dois meses de vida por [&hellip;]<\/p>\n","protected":false},"author":1,"featured_media":149244,"comment_status":"open","ping_status":"closed","sticky":false,"template":"","format":"standard","meta":{"amp_status":"","footnotes":""},"categories":[6,123,28848,122],"tags":[203001,1018,203002,203005,202999,203004,203003,203000,164,203007,203006],"class_list":["post-149243","post","type-post","status-publish","format-standard","has-post-thumbnail","hentry","category-br","category-gerais","category-mundo","category-mucuri","tag-albaretto-della-torre","tag-destaque","tag-eleicao-em-albaretto-della-torre","tag-ivan-borgna","tag-luca-borgna","tag-novo-prefeito-de-albaretto-della-torre","tag-prefeito-de-albaretto-della-torre","tag-prefeito-luca-borgna","tag-teofilo-otoni","tag-teofilo-otonense-e-eleito-prefeito-em-albaretto-della-torre","tag-teofilo-otonense-e-eleito-prefeito-em-cidade-italiana"],"_links":{"self":[{"href":"https:\/\/aconteceunovale.com.br\/portal\/index.php?rest_route=\/wp\/v2\/posts\/149243","targetHints":{"allow":["GET"]}}],"collection":[{"href":"https:\/\/aconteceunovale.com.br\/portal\/index.php?rest_route=\/wp\/v2\/posts"}],"about":[{"href":"https:\/\/aconteceunovale.com.br\/portal\/index.php?rest_route=\/wp\/v2\/types\/post"}],"author":[{"embeddable":true,"href":"https:\/\/aconteceunovale.com.br\/portal\/index.php?rest_route=\/wp\/v2\/users\/1"}],"replies":[{"embeddable":true,"href":"https:\/\/aconteceunovale.com.br\/portal\/index.php?rest_route=%2Fwp%2Fv2%2Fcomments&post=149243"}],"version-history":[{"count":0,"href":"https:\/\/aconteceunovale.com.br\/portal\/index.php?rest_route=\/wp\/v2\/posts\/149243\/revisions"}],"wp:featuredmedia":[{"embeddable":true,"href":"https:\/\/aconteceunovale.com.br\/portal\/index.php?rest_route=\/wp\/v2\/media\/149244"}],"wp:attachment":[{"href":"https:\/\/aconteceunovale.com.br\/portal\/index.php?rest_route=%2Fwp%2Fv2%2Fmedia&parent=149243"}],"wp:term":[{"taxonomy":"category","embeddable":true,"href":"https:\/\/aconteceunovale.com.br\/portal\/index.php?rest_route=%2Fwp%2Fv2%2Fcategories&post=149243"},{"taxonomy":"post_tag","embeddable":true,"href":"https:\/\/aconteceunovale.com.br\/portal\/index.php?rest_route=%2Fwp%2Fv2%2Ftags&post=149243"}],"curies":[{"name":"wp","href":"https:\/\/api.w.org\/{rel}","templated":true}]}}