{"id":149196,"date":"2019-06-11T07:59:13","date_gmt":"2019-06-11T09:59:13","guid":{"rendered":"http:\/\/aconteceunovale.com.br\/portal\/?p=149196"},"modified":"2019-06-11T07:59:13","modified_gmt":"2019-06-11T09:59:13","slug":"ministerio-publico-propoe-acao-penal-e-acao-civil-publica-contra-ex-prefeito-de-lagoa-dos-patos-no-norte-de-minas","status":"publish","type":"post","link":"https:\/\/aconteceunovale.com.br\/portal\/?p=149196","title":{"rendered":"Minist\u00e9rio P\u00fablico prop\u00f5e A\u00e7\u00e3o Penal e A\u00e7\u00e3o Civil P\u00fablica contra ex-prefeito de Lagoa dos Patos, no Norte de Minas"},"content":{"rendered":"<p>O Minist\u00e9rio P\u00fablico de Minas Gerais (MPMG), por meio da Promotoria de Justi\u00e7a de Defesa do Patrim\u00f4nio P\u00fablico de Cora\u00e7\u00e3o de Jesus e do GAT (Grupo de Atua\u00e7\u00e3o Especial Regional e Tempor\u00e1ria na Defesa do Patrim\u00f4nio P\u00fablico), prop\u00f4s A\u00e7\u00e3o Penal contra um ex-prefeito de Lagoa dos Patos e um advogado; e A\u00e7\u00e3o Civil P\u00fablica (ACP) por Improbidade Administrativa contra os dois e contra um escrit\u00f3rio de advocacia.<br \/>\n<center><br \/>\n<!-- Erro, o An\u00fancio n\u00e3o est\u00e1 dispon\u00edvel neste momento devido \u00e0s restri\u00e7\u00f5es de agendamento\/geolocaliza\u00e7\u00e3o! --><br \/>\n<\/br><br \/>\n<\/center><br \/>\nSegundo o MPMG, a conclus\u00e3o das investiga\u00e7\u00f5es contou tamb\u00e9m com o apoio do Minist\u00e9rio P\u00fablico de Contas de Minas Gerais, da Superintend\u00eancia da Controladoria-Geral da Uni\u00e3o (CGU) em Minas Gerais e dos policiais civis do Grupo de Apoio Operacional Policial (GOP), que integra o NECC (N\u00facleo Especial de Combate \u00e0 Corrup\u00e7\u00e3o), \u00f3rg\u00e3o do MPMG.<\/p>\n<p>Consta nas a\u00e7\u00f5es ajuizadas pelos promotores de Justi\u00e7a Paulo C\u00e9sar Vicente de Lima (Cora\u00e7\u00e3o de Jesus) e Thiago Fernandes de Carvalho (integrante do GAT), que o ex-prefeito contratou o escrit\u00f3rio de advocacia sem licita\u00e7\u00e3o, \u201cpor honor\u00e1rios advocat\u00edcios exorbitantes\u201d, \u201capenas para a execu\u00e7\u00e3o de causa j\u00e1 ganha\u201d. <\/p>\n<p>A causa ganha refere-se \u00e0 senten\u00e7a obtida em A\u00e7\u00e3o Civil P\u00fablica proposta em 1999 pelo Minist\u00e9rio P\u00fablico Federal (MPF), \u201cvisando ao rec\u00e1lculo do valor m\u00ednimo anual por aluno e \u00e0 suplementa\u00e7\u00e3o de valores transferidos a menor pela Uni\u00e3o aos demais entes federados, a t\u00edtulo de Fundef\u201d &#8211; atual Fundeb (Fundo de Manuten\u00e7\u00e3o e Desenvolvimento da Educa\u00e7\u00e3o B\u00e1sica e de Valoriza\u00e7\u00e3o dos Profissionais da Educa\u00e7\u00e3o). <\/p>\n<p>O pr\u00f3prio MPF, atuando em favor de diversos munic\u00edpios, requereu o cumprimento da senten\u00e7a, que transitou em julgado em 2015, \u201cabrindo-se ensejo para a execu\u00e7\u00e3o individual da senten\u00e7a coletiva pelos entes federados credores, dependendo a apura\u00e7\u00e3o do cr\u00e9dito de simples c\u00e1lculos aritm\u00e9ticos\u201d, salientam os promotores de Justi\u00e7a.<\/p>\n<p>Entretanto, foi ajustado que o escrit\u00f3rio de advocacia \u201cperceber\u00e1 remunera\u00e7\u00e3o honor\u00e1ria equivalente a 17% do montante recuperado sobre o benef\u00edcio proporcionado \u00e0 contratante\u201d, segundo o MPMG \u201cpara o ajuizamento de a\u00e7\u00e3o singela, que deveria ser movida pelo pr\u00f3prio corpo jur\u00eddico da prefeitura ou mesmo pelo Minist\u00e9rio P\u00fablico Federal\u201d.<\/p>\n<p>Na A\u00e7\u00e3o Penal, o MPMG denunciou o ex-prefeito e o advogado \u201ccomo incursos na hip\u00f3tese t\u00edpica do art. 89 da Lei n\u00ba 8.666\/1993 (na forma do par\u00e1grafo \u00fanico, relativamente ao segundo denunciado), cominado com o art. 299 do CP, na forma do art. 69 tamb\u00e9m do CP.<\/p>\n<p>Na A\u00e7\u00e3o Civil P\u00fablica, o MPMG requer a condena\u00e7\u00e3o do ex-prefeito, do advogado e do escrit\u00f3rio de advocacia \u201ccomo incursos nas hip\u00f3teses t\u00edpicas dos arts. 10, VIII; e 11, caput e I, da Lei n\u00ba 8.429\/1992, de modo a determinar, conforme art.12,II, solidariamente, o ressarcimento integral do dano e a perda dos bens ou valores acrescidos ilicitamente ao patrim\u00f4nio, em montante a ser oportunamente liquidado, caso n\u00e3o se afigure poss\u00edvel a quantifica\u00e7\u00e3o no curso do feito\u201d.<\/p>\n<p><strong>VER PRIMEIRO<\/strong><\/p>\n<p>Receba as not\u00edcias do Aconteceu no Vale em primeira m\u00e3o. Clique em curtir no endere\u00e7o <a href=\"https:\/\/www.facebook.com\/aconteceunovale\" target=\"_blank\"><font color=\"red\">www.facebook.com\/aconteceunovale<\/font><\/a> ou no box abaixo:<\/p>\n<div class=\"fb-like\" data-href=\"https:\/\/www.facebook.com\/aconteceunovale\" data-width=\"120\" data-layout=\"standard\" data-action=\"like\" data-size=\"small\" data-show-faces=\"true\" data-share=\"true\"><\/div>\n<p><!-- Erro, o An\u00fancio n\u00e3o est\u00e1 dispon\u00edvel neste momento devido \u00e0s restri\u00e7\u00f5es de agendamento\/geolocaliza\u00e7\u00e3o! --><br \/>\n<\/br><\/p>\n<p><em>(Fonte: MPMG)<\/em><\/p>\n","protected":false},"excerpt":{"rendered":"<p>O Minist\u00e9rio P\u00fablico de Minas Gerais (MPMG), por meio da Promotoria de Justi\u00e7a de Defesa do Patrim\u00f4nio P\u00fablico de Cora\u00e7\u00e3o de Jesus e do GAT (Grupo de Atua\u00e7\u00e3o Especial Regional e Tempor\u00e1ria na Defesa do Patrim\u00f4nio P\u00fablico), prop\u00f4s A\u00e7\u00e3o Penal contra um ex-prefeito de Lagoa dos Patos e um advogado; e A\u00e7\u00e3o Civil P\u00fablica (ACP) [&hellip;]<\/p>\n","protected":false},"author":1,"featured_media":149197,"comment_status":"open","ping_status":"closed","sticky":false,"template":"","format":"standard","meta":{"amp_status":"","footnotes":""},"categories":[1236,40240],"tags":[202960,1698,19674,19675],"class_list":["post-149196","post","type-post","status-publish","format-standard","has-post-thumbnail","hentry","category-norte_de_minas","category-politica-2","tag-ex-prefeito-de-lagoa-dos-patos","tag-lagoa-dos-patos","tag-ministerio-publico-de-minas-gerais","tag-mpmg"],"_links":{"self":[{"href":"https:\/\/aconteceunovale.com.br\/portal\/index.php?rest_route=\/wp\/v2\/posts\/149196","targetHints":{"allow":["GET"]}}],"collection":[{"href":"https:\/\/aconteceunovale.com.br\/portal\/index.php?rest_route=\/wp\/v2\/posts"}],"about":[{"href":"https:\/\/aconteceunovale.com.br\/portal\/index.php?rest_route=\/wp\/v2\/types\/post"}],"author":[{"embeddable":true,"href":"https:\/\/aconteceunovale.com.br\/portal\/index.php?rest_route=\/wp\/v2\/users\/1"}],"replies":[{"embeddable":true,"href":"https:\/\/aconteceunovale.com.br\/portal\/index.php?rest_route=%2Fwp%2Fv2%2Fcomments&post=149196"}],"version-history":[{"count":0,"href":"https:\/\/aconteceunovale.com.br\/portal\/index.php?rest_route=\/wp\/v2\/posts\/149196\/revisions"}],"wp:featuredmedia":[{"embeddable":true,"href":"https:\/\/aconteceunovale.com.br\/portal\/index.php?rest_route=\/wp\/v2\/media\/149197"}],"wp:attachment":[{"href":"https:\/\/aconteceunovale.com.br\/portal\/index.php?rest_route=%2Fwp%2Fv2%2Fmedia&parent=149196"}],"wp:term":[{"taxonomy":"category","embeddable":true,"href":"https:\/\/aconteceunovale.com.br\/portal\/index.php?rest_route=%2Fwp%2Fv2%2Fcategories&post=149196"},{"taxonomy":"post_tag","embeddable":true,"href":"https:\/\/aconteceunovale.com.br\/portal\/index.php?rest_route=%2Fwp%2Fv2%2Ftags&post=149196"}],"curies":[{"name":"wp","href":"https:\/\/api.w.org\/{rel}","templated":true}]}}