{"id":149192,"date":"2019-06-11T07:43:46","date_gmt":"2019-06-11T09:43:46","guid":{"rendered":"http:\/\/aconteceunovale.com.br\/portal\/?p=149192"},"modified":"2019-06-11T07:43:46","modified_gmt":"2019-06-11T09:43:46","slug":"locador-indeniza-por-alugar-casa-com-problemas-em-ipatinga","status":"publish","type":"post","link":"https:\/\/aconteceunovale.com.br\/portal\/?p=149192","title":{"rendered":"Locador indeniza por alugar casa com problemas em Ipatinga"},"content":{"rendered":"<p>O locador de um im\u00f3vel deve pagar R$ 4 mil de indeniza\u00e7\u00e3o por danos morais e R$ 3,6 mil de multa rescis\u00f3ria a um locat\u00e1rio que teve v\u00e1rios problemas com a casa alugada. A decis\u00e3o da 11\u00aa C\u00e2mara C\u00edvel do Tribunal de Justi\u00e7a de Minas Gerais (TJMG) confirma a senten\u00e7a da Comarca de Ipatinga.<br \/>\n<center><br \/>\n<!-- Erro, o An\u00fancio n\u00e3o est\u00e1 dispon\u00edvel neste momento devido \u00e0s restri\u00e7\u00f5es de agendamento\/geolocaliza\u00e7\u00e3o! --><br \/>\n<\/br><br \/>\n<\/center><br \/>\nO locat\u00e1rio afirmou nos autos que, ap\u00f3s se mudar com sua fam\u00edlia para o im\u00f3vel alugado, verificou diversas goteiras e infiltra\u00e7\u00f5es em toda a casa, em decorr\u00eancia das chuvas. Al\u00e9m das goteiras na cozinha, nos quartos, no corredor e na garagem, havia telhas trincadas e a calha transbordava, agravando ainda mais a situa\u00e7\u00e3o.<\/p>\n<p>O contrato estaria vigente de fevereiro de 2014 a fevereiro de 2017. O locat\u00e1rio procurou a imobili\u00e1ria e o locador, mas n\u00e3o conseguiu resolver o problema pacificamente.<\/p>\n<p>Na Justi\u00e7a, o locador n\u00e3o negou a exist\u00eancia dos defeitos apontados, mas afirmou que o locat\u00e1rio sabia dos problemas do im\u00f3vel porque ele tinha assinado o laudo de vistoria. Nesse caso, ao pretender a rescis\u00e3o do contrato, o locat\u00e1rio deveria pagar a multa contratual e n\u00e3o deveria solicitar danos morais.<\/p>\n<p>Em primeira inst\u00e2ncia, foi concedida a antecipa\u00e7\u00e3o da tutela que autorizou a desocupa\u00e7\u00e3o do im\u00f3vel, com a entrega das chaves em ju\u00edzo. Posteriormente, na senten\u00e7a, a ju\u00edza Elimar Boaventura Cond\u00e9 Ara\u00fajo, da 1\u00aa Vara C\u00edvel de Ipatinga, declarou a rescis\u00e3o do contrato por culpa exclusiva do locador e condenou-o a pagar R$ 4 mil pelos danos morais e R$ 3,6 mil pela multa rescis\u00f3ria.<\/p>\n<p>Inconformado, o locador recorreu ao TJMG, mas a relatora do recurso, desembargadora Shirley Fenzi Bert\u00e3o, negou provimento ao recurso.<\/p>\n<p>\u201cO locador \u00e9 obrigado a entregar o im\u00f3vel alugado em estado de servir ao uso a que se destina e, ainda, fornecer ao locat\u00e1rio descri\u00e7\u00e3o minuciosa do estado do im\u00f3vel, quando de sua entrega, com expressa refer\u00eancia aos eventuais defeitos existentes. Observa-se no laudo de vistoria, formulado pela imobili\u00e1ria, que apenas constaram manchas de infiltra\u00e7\u00e3o, nada sendo dito a respeito de vazamento e goteiras\u201d, afirmou a magistrada.<\/p>\n<p>O desembargador Marcos Lincoln e o juiz convocado Adriano Mesquita Carneiro votaram de acordo com a relatora.<\/p>\n<p><strong>VER PRIMEIRO<\/strong><\/p>\n<p>Receba as not\u00edcias do Aconteceu no Vale em primeira m\u00e3o. Clique em curtir no endere\u00e7o <a href=\"https:\/\/www.facebook.com\/aconteceunovale\" target=\"_blank\"><font color=\"red\">www.facebook.com\/aconteceunovale<\/font><\/a> ou no box abaixo:<\/p>\n<div class=\"fb-like\" data-href=\"https:\/\/www.facebook.com\/aconteceunovale\" data-width=\"120\" data-layout=\"standard\" data-action=\"like\" data-size=\"small\" data-show-faces=\"true\" data-share=\"true\"><\/div>\n<p><!-- Erro, o An\u00fancio n\u00e3o est\u00e1 dispon\u00edvel neste momento devido \u00e0s restri\u00e7\u00f5es de agendamento\/geolocaliza\u00e7\u00e3o! --><br \/>\n<\/br><\/p>\n<p><em>(Fonte: TJMG)<\/em><\/p>\n","protected":false},"excerpt":{"rendered":"<p>O locador de um im\u00f3vel deve pagar R$ 4 mil de indeniza\u00e7\u00e3o por danos morais e R$ 3,6 mil de multa rescis\u00f3ria a um locat\u00e1rio que teve v\u00e1rios problemas com a casa alugada. A decis\u00e3o da 11\u00aa C\u00e2mara C\u00edvel do Tribunal de Justi\u00e7a de Minas Gerais (TJMG) confirma a senten\u00e7a da Comarca de Ipatinga. O [&hellip;]<\/p>\n","protected":false},"author":1,"featured_media":149085,"comment_status":"open","ping_status":"closed","sticky":false,"template":"","format":"standard","meta":{"amp_status":"","footnotes":""},"categories":[121],"tags":[202953,201,202952,202954,270,92646],"class_list":["post-149192","post","type-post","status-publish","format-standard","has-post-thumbnail","hentry","category-leste","tag-imovel-ipatinga","tag-ipatinga","tag-locacao-de-imovel-em-ipatinga","tag-locador-indeniza-por-alugar-casa-com-problemas-em-ipatinga","tag-tjmg","tag-tribunal-de-justica-de-minas-gerais"],"_links":{"self":[{"href":"https:\/\/aconteceunovale.com.br\/portal\/index.php?rest_route=\/wp\/v2\/posts\/149192","targetHints":{"allow":["GET"]}}],"collection":[{"href":"https:\/\/aconteceunovale.com.br\/portal\/index.php?rest_route=\/wp\/v2\/posts"}],"about":[{"href":"https:\/\/aconteceunovale.com.br\/portal\/index.php?rest_route=\/wp\/v2\/types\/post"}],"author":[{"embeddable":true,"href":"https:\/\/aconteceunovale.com.br\/portal\/index.php?rest_route=\/wp\/v2\/users\/1"}],"replies":[{"embeddable":true,"href":"https:\/\/aconteceunovale.com.br\/portal\/index.php?rest_route=%2Fwp%2Fv2%2Fcomments&post=149192"}],"version-history":[{"count":0,"href":"https:\/\/aconteceunovale.com.br\/portal\/index.php?rest_route=\/wp\/v2\/posts\/149192\/revisions"}],"wp:featuredmedia":[{"embeddable":true,"href":"https:\/\/aconteceunovale.com.br\/portal\/index.php?rest_route=\/wp\/v2\/media\/149085"}],"wp:attachment":[{"href":"https:\/\/aconteceunovale.com.br\/portal\/index.php?rest_route=%2Fwp%2Fv2%2Fmedia&parent=149192"}],"wp:term":[{"taxonomy":"category","embeddable":true,"href":"https:\/\/aconteceunovale.com.br\/portal\/index.php?rest_route=%2Fwp%2Fv2%2Fcategories&post=149192"},{"taxonomy":"post_tag","embeddable":true,"href":"https:\/\/aconteceunovale.com.br\/portal\/index.php?rest_route=%2Fwp%2Fv2%2Ftags&post=149192"}],"curies":[{"name":"wp","href":"https:\/\/api.w.org\/{rel}","templated":true}]}}