{"id":149184,"date":"2019-06-11T07:20:07","date_gmt":"2019-06-11T09:20:07","guid":{"rendered":"http:\/\/aconteceunovale.com.br\/portal\/?p=149184"},"modified":"2019-06-11T07:20:07","modified_gmt":"2019-06-11T09:20:07","slug":"homem-e-assassinado-em-sao-joao-evangelista-no-leste-de-minas","status":"publish","type":"post","link":"https:\/\/aconteceunovale.com.br\/portal\/?p=149184","title":{"rendered":"Homem \u00e9 assassinado em S\u00e3o Jo\u00e3o Evangelista, no Leste de Minas"},"content":{"rendered":"<p>Um homem de 43 anos foi morto a tiros no Centro de S\u00e3o Jo\u00e3o Evangelista, no Leste de Minas, na madrugada de segunda-feira (10\/06\/2019). Militares do Pelot\u00e3o de Bombeiros local foram acionados e confirmaram o \u00f3bito de Josiel Nunes de Ara\u00fajo, que apresentava uma perfura\u00e7\u00e3o na face.<br \/>\n<center><br \/>\n<!-- Erro, o An\u00fancio n\u00e3o est\u00e1 dispon\u00edvel neste momento devido \u00e0s restri\u00e7\u00f5es de agendamento\/geolocaliza\u00e7\u00e3o! --><br \/>\n<\/br><br \/>\n<\/center><br \/>\nSegundo informa\u00e7\u00f5es da Pol\u00edcia Militar, no momento do crime, a n\u00e3o ser a v\u00edtima, ningu\u00e9m foi encontrado no local. J\u00e1 na manh\u00e3 de segunda-feira, atrav\u00e9s de den\u00fancias an\u00f4nimas, os militares foram informados que um homem e uma mulher teriam fugido correndo pela via p\u00fablica ap\u00f3s o homic\u00eddio e que estes seriam os principais suspeitos.<\/p>\n<p>Com uso de imagens de circuito de c\u00e2meras de seguran\u00e7a, a PM identificou os suspeitos, que s\u00e3o pessoas envolvidas no tr\u00e1fico de drogas na cidade. <\/p>\n<p>O homem, de 18 anos, foi preso na casa da mulher e com ele encontrado um rev\u00f3lver calibre 32. A suspeita fugiu por uma escadaria e, durante buscas na casa dela, os militares encontraram um pote com 368 pedras de crack. Posteriormente, segundo a Pol\u00edcia, a mulher tamb\u00e9m foi localizada e presa.<\/p>\n<p>A Per\u00edcia T\u00e9cnica da Pol\u00edcia Civil tamb\u00e9m foi acionada e, ap\u00f3s os trabalhos de praxe no local do crime, liberou o corpo para o Instituto M\u00e9dico Legal (IML). Os materiais apreendidos e o suspeito foram conduzidos \u00e0 Delegacia de Guanh\u00e3es. O crime ser\u00e1 investigado.<\/p>\n<p><img decoding=\"async\" src=\"http:\/\/aconteceunovale.com.br\/portal\/wp-content\/uploads\/2019\/06\/ocorrencia_sje.jpg\" alt=\"\" \/><em>Arma e drogas apreendidas em S\u00e3o Jo\u00e3o Evangelista &#8211; Foto: Divulga\u00e7\u00e3o<\/em><br \/>\n<\/br><\/p>\n<p><em>Leandro Silva | Aconteceu no Vale<br \/>\nPublicado em: 11\/06\/2019, \u00e0s 06h19<\/em><\/p>\n<p><strong>VER PRIMEIRO<\/strong><\/p>\n<p>Receba as not\u00edcias do Aconteceu no Vale em primeira m\u00e3o. Clique em curtir no endere\u00e7o <a href=\"https:\/\/www.facebook.com\/aconteceunovale\" target=\"_blank\"><font color=\"red\">www.facebook.com\/aconteceunovale<\/font><\/a> ou no box abaixo:<\/p>\n<div class=\"fb-like\" data-href=\"https:\/\/www.facebook.com\/aconteceunovale\" data-width=\"120\" data-layout=\"standard\" data-action=\"like\" data-size=\"small\" data-show-faces=\"true\" data-share=\"true\"><\/div>\n<p><!-- Erro, o An\u00fancio n\u00e3o est\u00e1 dispon\u00edvel neste momento devido \u00e0s restri\u00e7\u00f5es de agendamento\/geolocaliza\u00e7\u00e3o! --><br \/>\n<\/br><\/p>\n","protected":false},"excerpt":{"rendered":"<p>Um homem de 43 anos foi morto a tiros no Centro de S\u00e3o Jo\u00e3o Evangelista, no Leste de Minas, na madrugada de segunda-feira (10\/06\/2019). Militares do Pelot\u00e3o de Bombeiros local foram acionados e confirmaram o \u00f3bito de Josiel Nunes de Ara\u00fajo, que apresentava uma perfura\u00e7\u00e3o na face. Segundo informa\u00e7\u00f5es da Pol\u00edcia Militar, no momento do [&hellip;]<\/p>\n","protected":false},"author":1,"featured_media":149185,"comment_status":"open","ping_status":"closed","sticky":false,"template":"","format":"standard","meta":{"amp_status":"","footnotes":""},"categories":[121],"tags":[155,202945,202946,202947,51482,202949,51483,50751,162,48031,202948],"class_list":["post-149184","post","type-post","status-publish","format-standard","has-post-thumbnail","hentry","category-leste","tag-guanhaes","tag-homem-e-assassinado-em-sao-joao-evangelista","tag-homem-e-assassinado-em-sao-joao-evangelista-no-leste-de-minas","tag-homem-morto-em-sao-joao-evangelista","tag-homicidio-em-sao-joao-evangelista","tag-josiel-nunes-de-araujo","tag-morte-em-sao-joao-evangelista","tag-no-leste-de-minas","tag-sao-joao-evangelista","tag-trafico-de-drogas-em-sao-joao-evangelista","tag-trafico-em-sao-joao-evangelista"],"_links":{"self":[{"href":"https:\/\/aconteceunovale.com.br\/portal\/index.php?rest_route=\/wp\/v2\/posts\/149184","targetHints":{"allow":["GET"]}}],"collection":[{"href":"https:\/\/aconteceunovale.com.br\/portal\/index.php?rest_route=\/wp\/v2\/posts"}],"about":[{"href":"https:\/\/aconteceunovale.com.br\/portal\/index.php?rest_route=\/wp\/v2\/types\/post"}],"author":[{"embeddable":true,"href":"https:\/\/aconteceunovale.com.br\/portal\/index.php?rest_route=\/wp\/v2\/users\/1"}],"replies":[{"embeddable":true,"href":"https:\/\/aconteceunovale.com.br\/portal\/index.php?rest_route=%2Fwp%2Fv2%2Fcomments&post=149184"}],"version-history":[{"count":0,"href":"https:\/\/aconteceunovale.com.br\/portal\/index.php?rest_route=\/wp\/v2\/posts\/149184\/revisions"}],"wp:featuredmedia":[{"embeddable":true,"href":"https:\/\/aconteceunovale.com.br\/portal\/index.php?rest_route=\/wp\/v2\/media\/149185"}],"wp:attachment":[{"href":"https:\/\/aconteceunovale.com.br\/portal\/index.php?rest_route=%2Fwp%2Fv2%2Fmedia&parent=149184"}],"wp:term":[{"taxonomy":"category","embeddable":true,"href":"https:\/\/aconteceunovale.com.br\/portal\/index.php?rest_route=%2Fwp%2Fv2%2Fcategories&post=149184"},{"taxonomy":"post_tag","embeddable":true,"href":"https:\/\/aconteceunovale.com.br\/portal\/index.php?rest_route=%2Fwp%2Fv2%2Ftags&post=149184"}],"curies":[{"name":"wp","href":"https:\/\/api.w.org\/{rel}","templated":true}]}}