{"id":149178,"date":"2019-06-10T14:55:59","date_gmt":"2019-06-10T16:55:59","guid":{"rendered":"http:\/\/aconteceunovale.com.br\/portal\/?p=149178"},"modified":"2019-06-10T14:55:59","modified_gmt":"2019-06-10T16:55:59","slug":"conclusao-do-projeto-jequitai-e-discutida-em-reuniao-em-montes-claros","status":"publish","type":"post","link":"https:\/\/aconteceunovale.com.br\/portal\/?p=149178","title":{"rendered":"Conclus\u00e3o do Projeto Jequita\u00ed \u00e9 discutida em reuni\u00e3o em Montes Claros"},"content":{"rendered":"<p>Os usu\u00e1rios da Bacia Hidrogr\u00e1fica dos rios Jequita\u00ed, Pacu\u00ed e parte do S\u00e3o Francisco, autoridades pol\u00edticas, empresariais e lideran\u00e7as do Norte de Minas se reuniram, no s\u00e1bado (8\/6), em Montes Claros, num ato de apoio \u00e0 conclus\u00e3o do Projeto Hidroagr\u00edcola do Jequita\u00ed \u2013 Barragem I, cujas obras est\u00e3o paralisadas.<br \/>\n<center><br \/>\n<!-- Erro, o An\u00fancio n\u00e3o est\u00e1 dispon\u00edvel neste momento devido \u00e0s restri\u00e7\u00f5es de agendamento\/geolocaliza\u00e7\u00e3o! --><br \/>\n<\/br><br \/>\n<\/center><br \/>\nSegundo a Companhia de Desenvolvimento dos Vales do S\u00e3o Francisco e do Parna\u00edba (Codevasf), \u00f3rg\u00e3o vinculado ao Minist\u00e9rio do Desenvolvimento Regional e respons\u00e1vel pela execu\u00e7\u00e3o do projeto, para a conclus\u00e3o do empreendimento \u00e9 necess\u00e1rio o aporte financeiro de R$ 283 milh\u00f5es, dentro de um cronograma que prev\u00ea a entrega das obras em 2022.<\/p>\n<p>A Secretaria de Agricultura, Pecu\u00e1ria e Abastecimento (Seapa) mant\u00e9m um Termo de Compromisso com a Codevasf para a execu\u00e7\u00e3o do projeto.  Sob a responsabilidade da secretaria est\u00e3o a aquisi\u00e7\u00e3o de terras para a implanta\u00e7\u00e3o do sistema de barragens e a\u00e7\u00f5es de reassentamento da popula\u00e7\u00e3o atingida. O evento de apoio \u00e0 conclus\u00e3o das obras contou com presen\u00e7a do secret\u00e1rio adjunto da Seapa, Amarildo Kalil, do superintendente de Engenharia, Log\u00edstica e Infraestrutura Rural, Amilton Reis, e de assessores t\u00e9cnicos ligados ao acompanhamento do projeto.<\/p>\n<p>Na avalia\u00e7\u00e3o do secret\u00e1rio adjunto, a conclus\u00e3o das obras \u00e9 fundamental para a regi\u00e3o. \u201cO complexo das barragens vai viabilizar n\u00e3o apenas \u00e1gua para o abastecimento humano, mas tamb\u00e9m a irriga\u00e7\u00e3o de 35 mil hectares (quase o tamanho da \u00e1rea irrigada do Projeto Ja\u00edba), gera\u00e7\u00e3o de emprego, renda e energia el\u00e9trica. \u00c9 uma estrutura que vai funcionar como \u00e2ncora de desenvolvimento para a regi\u00e3o\u201d, afirma.<\/p>\n<p>O secret\u00e1rio adjunto ressaltou, ainda, o impacto que as obras j\u00e1 causaram na popula\u00e7\u00e3o atingida diretamente. \u201cA obra f\u00edsica est\u00e1 paralisada, mas as a\u00e7\u00f5es socioambientais do projeto continuam e os custos n\u00e3o param. Quanto maior o tempo de paralisa\u00e7\u00e3o, maior ser\u00e1 o gasto. Temos que fazer um esfor\u00e7o pol\u00edtico para a conclus\u00e3o do projeto e a Secretaria de Agricultura est\u00e1 pronta e \u00e0 disposi\u00e7\u00e3o para dar continuidade \u00e0s a\u00e7\u00f5es que est\u00e3o sob sua responsabilidade\u201d, garante.<\/p>\n<p>Ao final do evento, foi assinado o \u201cManifesto em Defesa da Implanta\u00e7\u00e3o do Empreendimento do Projeto Hidroagr\u00edcola do Jequita\u00ed \u2013 Baragem I\u201d. Os signat\u00e1rios consideram a continuidade das obras como o \u00fanico caminho vi\u00e1vel, uma vez que, no caso de paralisa\u00e7\u00e3o definitiva da obra, os valores para a repara\u00e7\u00e3o dos impactos socioambientais j\u00e1 causados seriam muito superiores ao R$ 176 milh\u00f5es j\u00e1 investidos.<\/p>\n<p><strong>Projeto Jequita\u00ed<\/strong><\/p>\n<p>O projeto \u00e9 um empreendimento voltado para a explora\u00e7\u00e3o do potencial h\u00eddrico do rio Jequita\u00ed, por meio da regulariza\u00e7\u00e3o de sua vaz\u00e3o, e tem como objetivo reduzir os riscos de enchentes e da falta de \u00e1gua na \u00e9poca de estiagem. Ele faz parte do Programa de Revitaliza\u00e7\u00e3o da Bacia Hidrogr\u00e1fica do Rio S\u00e3o Francisco.<\/p>\n<p>A estimativa \u00e9 que a implanta\u00e7\u00e3o das Barragens I e II viabilize a irriga\u00e7\u00e3o de cerca de 35 mil hectares de lavouras, viabilize mais de 100 mil empregos diretos e indiretos, al\u00e9m da gera\u00e7\u00e3o de energia, explora\u00e7\u00e3o do turismo e lazer e benef\u00edcios \u00e0s \u00e1reas urbana e rural de munic\u00edpios situados em seu raio de influ\u00eancia.<\/p>\n<p>O empreendimento \u00e9 considerado fundamental para garantir o abastecimento de aproximadamente 650 mil pessoas, distribu\u00eddas em 19 munic\u00edpios da regi\u00e3o.<\/p>\n<p><strong>VER PRIMEIRO<\/strong><\/p>\n<p>Receba as not\u00edcias do Aconteceu no Vale em primeira m\u00e3o. Clique em curtir no endere\u00e7o <a href=\"https:\/\/www.facebook.com\/aconteceunovale\" target=\"_blank\"><font color=\"red\">www.facebook.com\/aconteceunovale<\/font><\/a> ou no box abaixo:<\/p>\n<div class=\"fb-like\" data-href=\"https:\/\/www.facebook.com\/aconteceunovale\" data-width=\"120\" data-layout=\"standard\" data-action=\"like\" data-size=\"small\" data-show-faces=\"true\" data-share=\"true\"><\/div>\n<p><!-- Erro, o An\u00fancio n\u00e3o est\u00e1 dispon\u00edvel neste momento devido \u00e0s restri\u00e7\u00f5es de agendamento\/geolocaliza\u00e7\u00e3o! --><br \/>\n<\/br><\/p>\n<p><em>(Fonte: Ag\u00eancia Minas)<\/em><\/p>\n","protected":false},"excerpt":{"rendered":"<p>Os usu\u00e1rios da Bacia Hidrogr\u00e1fica dos rios Jequita\u00ed, Pacu\u00ed e parte do S\u00e3o Francisco, autoridades pol\u00edticas, empresariais e lideran\u00e7as do Norte de Minas se reuniram, no s\u00e1bado (8\/6), em Montes Claros, num ato de apoio \u00e0 conclus\u00e3o do Projeto Hidroagr\u00edcola do Jequita\u00ed \u2013 Barragem I, cujas obras est\u00e3o paralisadas. Segundo a Companhia de Desenvolvimento dos [&hellip;]<\/p>\n","protected":false},"author":1,"featured_media":149179,"comment_status":"open","ping_status":"closed","sticky":false,"template":"","format":"standard","meta":{"amp_status":"","footnotes":""},"categories":[1236,40240],"tags":[202936,22496,202934,3724,210,202939,202938,22989,202935,202937,160526,6330,27578],"class_list":["post-149178","post","type-post","status-publish","format-standard","has-post-thumbnail","hentry","category-norte_de_minas","category-politica-2","tag-bacia-hidrografica-dos-rios-jequitai","tag-codevasf","tag-conclusao-do-projeto-jequitai-e-discutida-em-reuniao-em-montes-claros","tag-jequitai","tag-montes-claros","tag-projeto-hidroagricola-do-jequitai","tag-projeto-hidroagricola-do-jequitai-barragem-i","tag-projeto-jequitai","tag-projeto-jequitai-montes-claros","tag-rio-jequitai","tag-rio-pacui","tag-rio-sao-francisco","tag-seapa"],"_links":{"self":[{"href":"https:\/\/aconteceunovale.com.br\/portal\/index.php?rest_route=\/wp\/v2\/posts\/149178","targetHints":{"allow":["GET"]}}],"collection":[{"href":"https:\/\/aconteceunovale.com.br\/portal\/index.php?rest_route=\/wp\/v2\/posts"}],"about":[{"href":"https:\/\/aconteceunovale.com.br\/portal\/index.php?rest_route=\/wp\/v2\/types\/post"}],"author":[{"embeddable":true,"href":"https:\/\/aconteceunovale.com.br\/portal\/index.php?rest_route=\/wp\/v2\/users\/1"}],"replies":[{"embeddable":true,"href":"https:\/\/aconteceunovale.com.br\/portal\/index.php?rest_route=%2Fwp%2Fv2%2Fcomments&post=149178"}],"version-history":[{"count":0,"href":"https:\/\/aconteceunovale.com.br\/portal\/index.php?rest_route=\/wp\/v2\/posts\/149178\/revisions"}],"wp:featuredmedia":[{"embeddable":true,"href":"https:\/\/aconteceunovale.com.br\/portal\/index.php?rest_route=\/wp\/v2\/media\/149179"}],"wp:attachment":[{"href":"https:\/\/aconteceunovale.com.br\/portal\/index.php?rest_route=%2Fwp%2Fv2%2Fmedia&parent=149178"}],"wp:term":[{"taxonomy":"category","embeddable":true,"href":"https:\/\/aconteceunovale.com.br\/portal\/index.php?rest_route=%2Fwp%2Fv2%2Fcategories&post=149178"},{"taxonomy":"post_tag","embeddable":true,"href":"https:\/\/aconteceunovale.com.br\/portal\/index.php?rest_route=%2Fwp%2Fv2%2Ftags&post=149178"}],"curies":[{"name":"wp","href":"https:\/\/api.w.org\/{rel}","templated":true}]}}