{"id":149166,"date":"2019-06-09T20:27:12","date_gmt":"2019-06-09T22:27:12","guid":{"rendered":"http:\/\/aconteceunovale.com.br\/portal\/?p=149166"},"modified":"2019-06-09T20:27:25","modified_gmt":"2019-06-09T22:27:25","slug":"quadrilha-e-investigada-por-roubo-e-venda-de-carga-de-queijos-no-norte-de-minas","status":"publish","type":"post","link":"https:\/\/aconteceunovale.com.br\/portal\/?p=149166","title":{"rendered":"Quadrilha \u00e9 investigada por roubo e venda de carga de queijos no Norte de Minas"},"content":{"rendered":"<p>Equipes da Pol\u00edcia Civil tiveram muito trabalho na sexta-feira (07\/06) para localizar uma carga de queijo roubada em Santa Cruz de Salinas, no Norte de Minas. De acordo com a Pol\u00edcia Civil, o furto foi cometido no dia 23 de maio por uma quadrilha que atuava na regi\u00e3o das rodovias BR 116 e BR 251.<br \/>\n<center><br \/>\n<!-- Erro, o An\u00fancio n\u00e3o est\u00e1 dispon\u00edvel neste momento devido \u00e0s restri\u00e7\u00f5es de agendamento\/geolocaliza\u00e7\u00e3o! --><br \/>\n<\/br><br \/>\n<\/center><br \/>\nCerca de 12 toneladas de queijo dividida em 848 caixas, avaliadas em R$200 mil, foram levadas pelos assaltantes. Desde ent\u00e3o, os produtos t\u00eam aparecido em com\u00e9rcios da regi\u00e3o Norte de Minas e Sul da Bahia.<\/p>\n<p>Desde domingo, cerca de 300 caixas roubadas foram distribu\u00eddas e comercializadas em cidades baianas. Segundo o delegado de Medina, Thiago Carvalho, nove pessoas foram conduzidas \u00e0 Delegacia de Pol\u00edcia Civil por recepta\u00e7\u00e3o e uma pessoa presa por envolvimento no crime no estado de Minas Gerais. As dilig\u00eancias continuam com o objetivo de encontrar os demais integrantes da organiza\u00e7\u00e3o criminosa.<\/p>\n<p><img decoding=\"async\" src=\"http:\/\/aconteceunovale.com.br\/portal\/wp-content\/uploads\/2019\/06\/queijo_roubado.jpg\" alt=\"\" \/><em>Foto: Divulga\u00e7\u00e3o\/Pol\u00edcia Civil<\/em><br \/>\n<\/br><br \/>\n<em>Leandro Silva | Aconteceu no Vale<br \/>\nPublicado em: 09\/06\/2019, \u00e0s 19h27<\/em><\/p>\n<p><strong>VER PRIMEIRO<\/strong><\/p>\n<p>Receba as not\u00edcias do Aconteceu no Vale em primeira m\u00e3o. Clique em curtir no endere\u00e7o <a href=\"https:\/\/www.facebook.com\/aconteceunovale\" target=\"_blank\"><font color=\"red\">www.facebook.com\/aconteceunovale<\/font><\/a> ou no box abaixo:<\/p>\n<div class=\"fb-like\" data-href=\"https:\/\/www.facebook.com\/aconteceunovale\" data-width=\"120\" data-layout=\"standard\" data-action=\"like\" data-size=\"small\" data-show-faces=\"true\" data-share=\"true\"><\/div>\n<p><!-- Erro, o An\u00fancio n\u00e3o est\u00e1 dispon\u00edvel neste momento devido \u00e0s restri\u00e7\u00f5es de agendamento\/geolocaliza\u00e7\u00e3o! --><br \/>\n<\/br><\/p>\n","protected":false},"excerpt":{"rendered":"<p>Equipes da Pol\u00edcia Civil tiveram muito trabalho na sexta-feira (07\/06) para localizar uma carga de queijo roubada em Santa Cruz de Salinas, no Norte de Minas. De acordo com a Pol\u00edcia Civil, o furto foi cometido no dia 23 de maio por uma quadrilha que atuava na regi\u00e3o das rodovias BR 116 e BR 251. [&hellip;]<\/p>\n","protected":false},"author":1,"featured_media":149167,"comment_status":"open","ping_status":"closed","sticky":false,"template":"","format":"standard","meta":{"amp_status":"","footnotes":""},"categories":[1236],"tags":[202916,389,202914,202917,202915,927],"class_list":["post-149166","post","type-post","status-publish","format-standard","has-post-thumbnail","hentry","category-norte_de_minas","tag-carga-de-queijo-roubada-no-santa-cruz-de-salinas","tag-medina","tag-quadrilha-e-investigada-por-roubo-e-venda-de-carga-de-queijos-no-norte-de-minas","tag-roubo-de-carga-de-queijo-no-santa-cruz-de-salinas","tag-roubo-de-queijo-no-santa-cruz-de-salinas","tag-santa-cruz-de-salinas"],"_links":{"self":[{"href":"https:\/\/aconteceunovale.com.br\/portal\/index.php?rest_route=\/wp\/v2\/posts\/149166","targetHints":{"allow":["GET"]}}],"collection":[{"href":"https:\/\/aconteceunovale.com.br\/portal\/index.php?rest_route=\/wp\/v2\/posts"}],"about":[{"href":"https:\/\/aconteceunovale.com.br\/portal\/index.php?rest_route=\/wp\/v2\/types\/post"}],"author":[{"embeddable":true,"href":"https:\/\/aconteceunovale.com.br\/portal\/index.php?rest_route=\/wp\/v2\/users\/1"}],"replies":[{"embeddable":true,"href":"https:\/\/aconteceunovale.com.br\/portal\/index.php?rest_route=%2Fwp%2Fv2%2Fcomments&post=149166"}],"version-history":[{"count":0,"href":"https:\/\/aconteceunovale.com.br\/portal\/index.php?rest_route=\/wp\/v2\/posts\/149166\/revisions"}],"wp:featuredmedia":[{"embeddable":true,"href":"https:\/\/aconteceunovale.com.br\/portal\/index.php?rest_route=\/wp\/v2\/media\/149167"}],"wp:attachment":[{"href":"https:\/\/aconteceunovale.com.br\/portal\/index.php?rest_route=%2Fwp%2Fv2%2Fmedia&parent=149166"}],"wp:term":[{"taxonomy":"category","embeddable":true,"href":"https:\/\/aconteceunovale.com.br\/portal\/index.php?rest_route=%2Fwp%2Fv2%2Fcategories&post=149166"},{"taxonomy":"post_tag","embeddable":true,"href":"https:\/\/aconteceunovale.com.br\/portal\/index.php?rest_route=%2Fwp%2Fv2%2Ftags&post=149166"}],"curies":[{"name":"wp","href":"https:\/\/api.w.org\/{rel}","templated":true}]}}