{"id":149163,"date":"2019-06-09T20:21:07","date_gmt":"2019-06-09T22:21:07","guid":{"rendered":"http:\/\/aconteceunovale.com.br\/portal\/?p=149163"},"modified":"2019-06-09T20:21:07","modified_gmt":"2019-06-09T22:21:07","slug":"colisao-entre-carro-e-moto-deixa-uma-pessoa-morta-em-governador-valadares","status":"publish","type":"post","link":"https:\/\/aconteceunovale.com.br\/portal\/?p=149163","title":{"rendered":"Colis\u00e3o entre carro e moto deixa uma pessoa morta em Governador Valadares"},"content":{"rendered":"<p>A colis\u00e3o entre uma moto e um ve\u00edculo deixou uma v\u00edtima fatal na manh\u00e3 de sexta-feira (07\/06) no Bairro Vila Bretas, em Governador Valadares, no Leste de Minas. Segundo a Pol\u00edcia Militar, a motociclista Gabriela Fonseca Oliva, de 32 anos, passava pela Rua Quintiliano Costa e, ao passar pelo cruzamento, foi atingida por um carro conduzido por uma idosa de 69 anos.<br \/>\n<center><br \/>\n<!-- Erro, o An\u00fancio n\u00e3o est\u00e1 dispon\u00edvel neste momento devido \u00e0s restri\u00e7\u00f5es de agendamento\/geolocaliza\u00e7\u00e3o! --><br \/>\n<\/br><br \/>\n<\/center><br \/>\nO Corpo de Bombeiros e o SAMU foram acionados e tentaram reanimar a v\u00edtima, que morreu a caminho do hospital. <\/p>\n<p>A condutora do ve\u00edculo foi liberada ap\u00f3s o acidente. Segundo testemunhas, o local \u00e9 palco de in\u00fameras colis\u00f5es entre ve\u00edculos.<\/p>\n<p><img decoding=\"async\" src=\"http:\/\/aconteceunovale.com.br\/portal\/wp-content\/uploads\/2019\/06\/acidente_gv1.jpg\" alt=\"\" \/><em>Foto: Reprodu\u00e7\u00e3o\/Comando Geral<\/em><br \/>\n<\/br><br \/>\n<em>Leandro Silva | Aconteceu no Vale<br \/>\nPublicado em: 09\/06\/2019, \u00e0s 19h20<\/em><\/p>\n<p><strong>VER PRIMEIRO<\/strong><\/p>\n<p>Receba as not\u00edcias do Aconteceu no Vale em primeira m\u00e3o. Clique em curtir no endere\u00e7o <a href=\"https:\/\/www.facebook.com\/aconteceunovale\" target=\"_blank\"><font color=\"red\">www.facebook.com\/aconteceunovale<\/font><\/a> ou no box abaixo:<\/p>\n<div class=\"fb-like\" data-href=\"https:\/\/www.facebook.com\/aconteceunovale\" data-width=\"120\" data-layout=\"standard\" data-action=\"like\" data-size=\"small\" data-show-faces=\"true\" data-share=\"true\"><\/div>\n<p><!-- Erro, o An\u00fancio n\u00e3o est\u00e1 dispon\u00edvel neste momento devido \u00e0s restri\u00e7\u00f5es de agendamento\/geolocaliza\u00e7\u00e3o! --><br \/>\n<\/br><\/p>\n","protected":false},"excerpt":{"rendered":"<p>A colis\u00e3o entre uma moto e um ve\u00edculo deixou uma v\u00edtima fatal na manh\u00e3 de sexta-feira (07\/06) no Bairro Vila Bretas, em Governador Valadares, no Leste de Minas. Segundo a Pol\u00edcia Militar, a motociclista Gabriela Fonseca Oliva, de 32 anos, passava pela Rua Quintiliano Costa e, ao passar pelo cruzamento, foi atingida por um carro [&hellip;]<\/p>\n","protected":false},"author":1,"featured_media":149164,"comment_status":"open","ping_status":"closed","sticky":false,"template":"","format":"standard","meta":{"amp_status":"","footnotes":""},"categories":[121],"tags":[12667,148978,202912,202913,247],"class_list":["post-149163","post","type-post","status-publish","format-standard","has-post-thumbnail","hentry","category-leste","tag-acidente-em-governador-valadares","tag-acidente-entre-carro-e-moto-em-governador-valadares","tag-colisao-entre-carro-e-moto-deixa-uma-pessoa-morta-em-governador-valadares","tag-gabriela-fonseca-oliva","tag-governador-valadares"],"_links":{"self":[{"href":"https:\/\/aconteceunovale.com.br\/portal\/index.php?rest_route=\/wp\/v2\/posts\/149163","targetHints":{"allow":["GET"]}}],"collection":[{"href":"https:\/\/aconteceunovale.com.br\/portal\/index.php?rest_route=\/wp\/v2\/posts"}],"about":[{"href":"https:\/\/aconteceunovale.com.br\/portal\/index.php?rest_route=\/wp\/v2\/types\/post"}],"author":[{"embeddable":true,"href":"https:\/\/aconteceunovale.com.br\/portal\/index.php?rest_route=\/wp\/v2\/users\/1"}],"replies":[{"embeddable":true,"href":"https:\/\/aconteceunovale.com.br\/portal\/index.php?rest_route=%2Fwp%2Fv2%2Fcomments&post=149163"}],"version-history":[{"count":0,"href":"https:\/\/aconteceunovale.com.br\/portal\/index.php?rest_route=\/wp\/v2\/posts\/149163\/revisions"}],"wp:featuredmedia":[{"embeddable":true,"href":"https:\/\/aconteceunovale.com.br\/portal\/index.php?rest_route=\/wp\/v2\/media\/149164"}],"wp:attachment":[{"href":"https:\/\/aconteceunovale.com.br\/portal\/index.php?rest_route=%2Fwp%2Fv2%2Fmedia&parent=149163"}],"wp:term":[{"taxonomy":"category","embeddable":true,"href":"https:\/\/aconteceunovale.com.br\/portal\/index.php?rest_route=%2Fwp%2Fv2%2Fcategories&post=149163"},{"taxonomy":"post_tag","embeddable":true,"href":"https:\/\/aconteceunovale.com.br\/portal\/index.php?rest_route=%2Fwp%2Fv2%2Ftags&post=149163"}],"curies":[{"name":"wp","href":"https:\/\/api.w.org\/{rel}","templated":true}]}}