{"id":149156,"date":"2019-06-09T20:05:38","date_gmt":"2019-06-09T22:05:38","guid":{"rendered":"http:\/\/aconteceunovale.com.br\/portal\/?p=149156"},"modified":"2019-06-09T20:05:38","modified_gmt":"2019-06-09T22:05:38","slug":"filho-e-suspeito-de-assassinar-o-proprio-pai-em-ipatinga-no-vale-do-aco","status":"publish","type":"post","link":"https:\/\/aconteceunovale.com.br\/portal\/?p=149156","title":{"rendered":"Filho \u00e9 suspeito de assassinar o pr\u00f3prio pai em Ipatinga, no Vale do A\u00e7o"},"content":{"rendered":"<p>Um jovem de 27 anos \u00e9 o principal suspeito assassinar o pai a facadas, na noite desta sexta-feira (07\/06), no Bairro Pedra Branca, em Ipatinga (MG). Segundo informa\u00e7\u00f5es da Pol\u00edcia Militar, vizinhos de Paulo Roberto de Moura, de 52 anos, ouviram gritos no in\u00edcio da noite e, ao sa\u00edrem, viram a v\u00edtima ca\u00edda na rua, com sangramentos no t\u00f3rax e boca, e o filho com uma faca na m\u00e3o.<br \/>\n<center><br \/>\n<!-- Erro, o An\u00fancio n\u00e3o est\u00e1 dispon\u00edvel neste momento devido \u00e0s restri\u00e7\u00f5es de agendamento\/geolocaliza\u00e7\u00e3o! --><br \/>\n<\/br><br \/>\n<\/center><br \/>\nVizinhos tamb\u00e9m perceberam que o suspeito arremessou a arma em um c\u00f3rrego. Imediatamente, os moradores socorreram Paulo Roberto ao hospital.<\/p>\n<p>O suspeito foi visto na estrada de Bucaina e, ao perceber a presen\u00e7a a pol\u00edcia, tentou fugir e se esconder em um chiqueiro, mas foi preso. Ele foi encaminhado \u00e0 Delegacia de Ipatinga.<\/p>\n<p>Segundo testemunhas, pai e filho tinham uma conviv\u00eancia conturbada. O caso \u00e9 investigado.<\/p>\n<p><em>Leandro Silva | Aconteceu no Vale<br \/>\nPublicado em: 09\/06\/2019, \u00e0s 19h05<\/em><\/p>\n<p><strong>VER PRIMEIRO<\/strong><\/p>\n<p>Receba as not\u00edcias do Aconteceu no Vale em primeira m\u00e3o. Clique em curtir no endere\u00e7o <a href=\"https:\/\/www.facebook.com\/aconteceunovale\" target=\"_blank\"><font color=\"red\">www.facebook.com\/aconteceunovale<\/font><\/a> ou no box abaixo:<\/p>\n<div class=\"fb-like\" data-href=\"https:\/\/www.facebook.com\/aconteceunovale\" data-width=\"120\" data-layout=\"standard\" data-action=\"like\" data-size=\"small\" data-show-faces=\"true\" data-share=\"true\"><\/div>\n<p><!-- Erro, o An\u00fancio n\u00e3o est\u00e1 dispon\u00edvel neste momento devido \u00e0s restri\u00e7\u00f5es de agendamento\/geolocaliza\u00e7\u00e3o! --><br \/>\n<\/br><\/p>\n","protected":false},"excerpt":{"rendered":"<p>Um jovem de 27 anos \u00e9 o principal suspeito assassinar o pai a facadas, na noite desta sexta-feira (07\/06), no Bairro Pedra Branca, em Ipatinga (MG). Segundo informa\u00e7\u00f5es da Pol\u00edcia Militar, vizinhos de Paulo Roberto de Moura, de 52 anos, ouviram gritos no in\u00edcio da noite e, ao sa\u00edrem, viram a v\u00edtima ca\u00edda na rua, [&hellip;]<\/p>\n","protected":false},"author":1,"featured_media":71442,"comment_status":"open","ping_status":"closed","sticky":false,"template":"","format":"standard","meta":{"amp_status":"","footnotes":""},"categories":[121],"tags":[50008,202902,202903,202904,27671,201,50009,63064,202905,202906],"class_list":["post-149156","post","type-post","status-publish","format-standard","has-post-thumbnail","hentry","category-leste","tag-assassinado-em-ipatinga","tag-filho-e-suspeito-de-assassinar-o-proprio-pai-em-ipatinga","tag-filho-e-suspeito-de-assassinar-o-proprio-pai-em-ipatinga-no-vale-do-aco","tag-filho-mata-o-pai-em-ipatinga","tag-homicidio-em-ipatinga","tag-ipatinga","tag-morto-em-ipatinga","tag-no-vale-do-aco","tag-pai-morto-pelo-filho-em-ipatinga","tag-paulo-roberto-de-moura"],"_links":{"self":[{"href":"https:\/\/aconteceunovale.com.br\/portal\/index.php?rest_route=\/wp\/v2\/posts\/149156","targetHints":{"allow":["GET"]}}],"collection":[{"href":"https:\/\/aconteceunovale.com.br\/portal\/index.php?rest_route=\/wp\/v2\/posts"}],"about":[{"href":"https:\/\/aconteceunovale.com.br\/portal\/index.php?rest_route=\/wp\/v2\/types\/post"}],"author":[{"embeddable":true,"href":"https:\/\/aconteceunovale.com.br\/portal\/index.php?rest_route=\/wp\/v2\/users\/1"}],"replies":[{"embeddable":true,"href":"https:\/\/aconteceunovale.com.br\/portal\/index.php?rest_route=%2Fwp%2Fv2%2Fcomments&post=149156"}],"version-history":[{"count":0,"href":"https:\/\/aconteceunovale.com.br\/portal\/index.php?rest_route=\/wp\/v2\/posts\/149156\/revisions"}],"wp:featuredmedia":[{"embeddable":true,"href":"https:\/\/aconteceunovale.com.br\/portal\/index.php?rest_route=\/wp\/v2\/media\/71442"}],"wp:attachment":[{"href":"https:\/\/aconteceunovale.com.br\/portal\/index.php?rest_route=%2Fwp%2Fv2%2Fmedia&parent=149156"}],"wp:term":[{"taxonomy":"category","embeddable":true,"href":"https:\/\/aconteceunovale.com.br\/portal\/index.php?rest_route=%2Fwp%2Fv2%2Fcategories&post=149156"},{"taxonomy":"post_tag","embeddable":true,"href":"https:\/\/aconteceunovale.com.br\/portal\/index.php?rest_route=%2Fwp%2Fv2%2Ftags&post=149156"}],"curies":[{"name":"wp","href":"https:\/\/api.w.org\/{rel}","templated":true}]}}