{"id":149081,"date":"2019-06-09T11:27:31","date_gmt":"2019-06-09T13:27:31","guid":{"rendered":"http:\/\/aconteceunovale.com.br\/portal\/?p=149081"},"modified":"2019-06-09T11:27:31","modified_gmt":"2019-06-09T13:27:31","slug":"parecer-do-tcemg-aprova-com-ressalvas-as-contas-de-2017-do-ex-governador-fernando-pimentel","status":"publish","type":"post","link":"https:\/\/aconteceunovale.com.br\/portal\/?p=149081","title":{"rendered":"Parecer do TCEMG aprova com ressalvas as contas de 2017 do ex-governador Fernando Pimentel"},"content":{"rendered":"<p>O Tribunal de Contas do Estado de Minas Gerais votou pela emiss\u00e3o de parecer pr\u00e9vio pela aprova\u00e7\u00e3o, com ressalvas, das contas do ex-governador de Minas Gerais, Fernando Pimentel, referentes ao exerc\u00edcio de 2017. A decis\u00e3o foi proferida durante sess\u00e3o extraordin\u00e1ria de quarta-feira (05\/06\/2019), ap\u00f3s retorno de vista do processo de presta\u00e7\u00e3o de contas de governador n\u00ba 1.040.601, que teve vota\u00e7\u00e3o iniciada em dezembro de 2018, e foi suspensa ap\u00f3s pedido de vista do conselheiro Durval \u00c2ngelo.<br \/>\n<center><br \/>\n<!-- Erro, o An\u00fancio n\u00e3o est\u00e1 dispon\u00edvel neste momento devido \u00e0s restri\u00e7\u00f5es de agendamento\/geolocaliza\u00e7\u00e3o! --><br \/>\n<\/br><br \/>\n<\/center><br \/>\nAt\u00e9 ent\u00e3o, quatro conselheiros j\u00e1 tinham proferido seus votos. Sebasti\u00e3o Helvecio (relator do processo) e Mauri Torres votaram pela aprova\u00e7\u00e3o das contas com ressalvas, enquanto Gilberto Diniz (revisor do processo) e Jos\u00e9 Alves Viana votaram pela rejei\u00e7\u00e3o. Na sess\u00e3o de hoje, o relator, que estava ausente, ratificou seu voto por meio de um expediente lido pelo presidente Mauri Torres. Durval \u00c2ngelo e o conselheiro substituto Licurgo Mour\u00e3o \u2013 que ocupou o lugar do conselheiro Cl\u00e1udio Terr\u00e3o, em f\u00e9rias &#8211; votaram com o relator, pela aprova\u00e7\u00e3o com ressalvas das contas. Por outro lado, Wanderley \u00c1vila votou pela emiss\u00e3o de parecer pr\u00e9vio pela reprova\u00e7\u00e3o das contas.<\/p>\n<p>Entre as ressalvas apontadas pelo relator do processo, conselheiro Sebasti\u00e3o Helvecio, est\u00e3o a apresenta\u00e7\u00e3o de um Termo de Compromisso, no prazo de 120 dias, em que dever\u00e1 conter um plano de a\u00e7\u00f5es que indique medidas concretas para a resolu\u00e7\u00e3o das quest\u00f5es apontadas. \u201cO Plano de A\u00e7\u00e3o dever\u00e1 conter tamb\u00e9m metas e respectivos indicadores de resultado, acompanhados de exposi\u00e7\u00e3o dos motivos que levaram \u00e0 defini\u00e7\u00e3o desses, al\u00e9m das Unidades Administrativas,  respons\u00e1veis e prazos para implementa\u00e7\u00e3o de cada medida, tudo de modo proporcional, equ\u00e2nime, eficiente e compat\u00edvel com os interesses gerais da popula\u00e7\u00e3o mineira, com vistas ao reequil\u00edbrio fiscal, ou seja, adequa\u00e7\u00e3o do gasto p\u00fablico estadual \u00e0 capacidade financeira para custear as despesas, sem o comprometimento dos servi\u00e7os essenciais \u00e0 popula\u00e7\u00e3o\u201d, disse Helvecio, em seu voto.<\/p>\n<p>Entre as quest\u00f5es apontadas, est\u00e3o a  insufici\u00eancia financeira no montante de R$ 10,568 bilh\u00f5es, acrescidos dos Restos a Pagar N\u00e3o Processados no valor de R$ 5,930 bilh\u00f5es, totalizando R$ 16,499 bilh\u00f5es, em descumprimento ao que determina a Lei de Responsabilidade Fiscal; a inscri\u00e7\u00e3o em Restos a Pagar N\u00e3o Processados de despesas computadas, em 2017, no \u00edndice da Manuten\u00e7\u00e3o e Desenvolvimento do Ensino, no valor de R$ 1,244 bilh\u00e3o, sem disponibilidade financeira, al\u00e9m de Restos a Pagar Processados e N\u00e3o Processados provenientes de inscri\u00e7\u00f5es de despesas em exerc\u00edcios anteriores a 2017, relativas \u00e0 Educa\u00e7\u00e3o, pendentes de solu\u00e7\u00e3o e que impactam na apura\u00e7\u00e3o do \u00edndice do exerc\u00edcio sob exame; e despesas inscritas em Restos a Pagar N\u00e3o Processados, sem disponibilidade financeira, no valor de R$ 2,067 bilh\u00f5es, consideradas no c\u00f4mputo do c\u00e1lculo dos recursos m\u00ednimos aplicados em A\u00e7\u00f5es e Servi\u00e7os P\u00fablicos de Sa\u00fade.<\/p>\n<p><img decoding=\"async\" src=\"http:\/\/aconteceunovale.com.br\/portal\/wp-content\/uploads\/2019\/06\/parecer_pimentel.jpg\" alt=\"\" \/><em>Foto: Karina Camargos Coutinho\/TCEMG<\/em><br \/>\n<\/br><\/p>\n<p><strong>Recomenda\u00e7\u00f5es<\/strong><\/p>\n<p>O TCEMG emitiu, ainda, uma s\u00e9rie de recomenda\u00e7\u00f5es e determina\u00e7\u00f5es ao governo estadual, que incluem: adequa\u00e7\u00e3o do planejamento or\u00e7ament\u00e1rio \u00e0 realidade econ\u00f4mico-financeira do Estado, revisando as prioridades de a\u00e7\u00e3o do Governo; controle do seu or\u00e7amento e cumprimento dos programas de trabalho; ater aos limites de gastos com pessoal estabelecidos pela LRF, dentro do pr\u00f3prio exerc\u00edcio; que envide esfor\u00e7os para identifica\u00e7\u00e3o de solu\u00e7\u00f5es poss\u00edveis e ado\u00e7\u00e3o de medidas para enfrentamento do crescente d\u00e9ficit previdenci\u00e1rio; que sejam implementadas a\u00e7\u00f5es no sentido da melhoria do desempenho dos alunos dos anos finais, principalmente do ensino m\u00e9dio, a fim de que o Estado possa atingir at\u00e9 2022 a meta estipulada pelo MEC, e que mantenha o tema judicializa\u00e7\u00e3o da sa\u00fade na agenda do Governo, visando evitar o comprometimento da defini\u00e7\u00e3o democr\u00e1tica das pol\u00edticas p\u00fablicas no or\u00e7amento.<\/p>\n<p>A Corte de Contas determinou que o governo estadual fixe na LDO e inclua na LOA percentual n\u00e3o inferior a 1% da Receita Or\u00e7ament\u00e1ria Corrente Ordin\u00e1ria do Estado para atendimento das propostas priorizadas nas audi\u00eancias p\u00fablicas regionais.<\/p>\n<p>Sebasti\u00e3o Helvecio determinou, ainda, que o TCEMG \u201cpromova a\u00e7\u00e3o fiscalizat\u00f3ria nos procedimentos de ren\u00fancias de receitas e suas respectivas compensa\u00e7\u00f5es, com a participa\u00e7\u00e3o integrada da Diretoria de Controle Externo do Estado e do Centro de Fiscaliza\u00e7\u00e3o Integrada e Intelig\u00eancia (Suricato) na elabora\u00e7\u00e3o da matriz de planejamento, que subsidiar\u00e1 o escopo, e na pr\u00f3pria execu\u00e7\u00e3o\u201d.<\/p>\n<p><strong>VER PRIMEIRO<\/strong><\/p>\n<p>Receba as not\u00edcias do Aconteceu no Vale em primeira m\u00e3o. Clique em curtir no endere\u00e7o <a href=\"https:\/\/www.facebook.com\/aconteceunovale\" target=\"_blank\"><font color=\"red\">www.facebook.com\/aconteceunovale<\/font><\/a> ou no box abaixo:<\/p>\n<div class=\"fb-like\" data-href=\"https:\/\/www.facebook.com\/aconteceunovale\" data-width=\"120\" data-layout=\"standard\" data-action=\"like\" data-size=\"small\" data-show-faces=\"true\" data-share=\"true\"><\/div>\n<p><!-- Erro, o An\u00fancio n\u00e3o est\u00e1 dispon\u00edvel neste momento devido \u00e0s restri\u00e7\u00f5es de agendamento\/geolocaliza\u00e7\u00e3o! --><br \/>\n<\/br><\/p>\n<p><em>(Fonte: TCE-MG)<\/em><\/p>\n","protected":false},"excerpt":{"rendered":"<p>O Tribunal de Contas do Estado de Minas Gerais votou pela emiss\u00e3o de parecer pr\u00e9vio pela aprova\u00e7\u00e3o, com ressalvas, das contas do ex-governador de Minas Gerais, Fernando Pimentel, referentes ao exerc\u00edcio de 2017. A decis\u00e3o foi proferida durante sess\u00e3o extraordin\u00e1ria de quarta-feira (05\/06\/2019), ap\u00f3s retorno de vista do processo de presta\u00e7\u00e3o de contas de governador [&hellip;]<\/p>\n","protected":false},"author":1,"featured_media":149082,"comment_status":"open","ping_status":"closed","sticky":false,"template":"","format":"standard","meta":{"amp_status":"","footnotes":""},"categories":[123,40240],"tags":[79273,202805,12826,202806,139685,19036],"class_list":["post-149081","post","type-post","status-publish","format-standard","has-post-thumbnail","hentry","category-gerais","category-politica-2","tag-contas-de-fernando-pimentel","tag-contas-do-ex-governador-de-minas-gerais","tag-fernando-pimentel","tag-parecer-do-tcemg-aprova-com-ressalvas-as-contas-de-2017-do-ex-governador-fernando-pimentel","tag-tce-mg","tag-tribunal-de-contas-do-estado-de-minas-gerais"],"_links":{"self":[{"href":"https:\/\/aconteceunovale.com.br\/portal\/index.php?rest_route=\/wp\/v2\/posts\/149081","targetHints":{"allow":["GET"]}}],"collection":[{"href":"https:\/\/aconteceunovale.com.br\/portal\/index.php?rest_route=\/wp\/v2\/posts"}],"about":[{"href":"https:\/\/aconteceunovale.com.br\/portal\/index.php?rest_route=\/wp\/v2\/types\/post"}],"author":[{"embeddable":true,"href":"https:\/\/aconteceunovale.com.br\/portal\/index.php?rest_route=\/wp\/v2\/users\/1"}],"replies":[{"embeddable":true,"href":"https:\/\/aconteceunovale.com.br\/portal\/index.php?rest_route=%2Fwp%2Fv2%2Fcomments&post=149081"}],"version-history":[{"count":0,"href":"https:\/\/aconteceunovale.com.br\/portal\/index.php?rest_route=\/wp\/v2\/posts\/149081\/revisions"}],"wp:featuredmedia":[{"embeddable":true,"href":"https:\/\/aconteceunovale.com.br\/portal\/index.php?rest_route=\/wp\/v2\/media\/149082"}],"wp:attachment":[{"href":"https:\/\/aconteceunovale.com.br\/portal\/index.php?rest_route=%2Fwp%2Fv2%2Fmedia&parent=149081"}],"wp:term":[{"taxonomy":"category","embeddable":true,"href":"https:\/\/aconteceunovale.com.br\/portal\/index.php?rest_route=%2Fwp%2Fv2%2Fcategories&post=149081"},{"taxonomy":"post_tag","embeddable":true,"href":"https:\/\/aconteceunovale.com.br\/portal\/index.php?rest_route=%2Fwp%2Fv2%2Ftags&post=149081"}],"curies":[{"name":"wp","href":"https:\/\/api.w.org\/{rel}","templated":true}]}}