{"id":149079,"date":"2019-06-09T11:17:14","date_gmt":"2019-06-09T13:17:14","guid":{"rendered":"http:\/\/aconteceunovale.com.br\/portal\/?p=149079"},"modified":"2019-06-09T11:17:14","modified_gmt":"2019-06-09T13:17:14","slug":"ex-prefeito-servidora-e-empresarios-de-nova-porteirinha-sao-denunciados-por-fraude-em-concurso-publico","status":"publish","type":"post","link":"https:\/\/aconteceunovale.com.br\/portal\/?p=149079","title":{"rendered":"Ex-prefeito, servidora e empres\u00e1rios de Nova Porteirinha s\u00e3o denunciados por fraude em concurso p\u00fablico"},"content":{"rendered":"<p>O Minist\u00e9rio P\u00fablico de Minas Gerais (MPMG), por meio da Promotoria de Justi\u00e7a de Jana\u00faba, no Norte de Minas, denunciou na sexta-feira, 7 de junho, um ex-prefeito de Nova Porteirinha, uma servidora p\u00fablica, os s\u00f3cios e o procurador de uma empresa de consultoria em Administra\u00e7\u00e3o P\u00fablica que prestou servi\u00e7os para o munic\u00edpio. Eles s\u00e3o acusados da pr\u00e1tica dos crimes de fraude em licita\u00e7\u00e3o, utiliza\u00e7\u00e3o indevida de rendas p\u00fablicas e forma\u00e7\u00e3o de quadrilha.<br \/>\n<center><br \/>\n<!-- Erro, o An\u00fancio n\u00e3o est\u00e1 dispon\u00edvel neste momento devido \u00e0s restri\u00e7\u00f5es de agendamento\/geolocaliza\u00e7\u00e3o! --><br \/>\n<\/br><br \/>\n<\/center><br \/>\nSegundo apurado, os denunciados teriam se associado para fraudar licita\u00e7\u00e3o destinada \u00e0 realiza\u00e7\u00e3o de concurso p\u00fablico no munic\u00edpio, em dezembro de 2011. Conforme apurado, o direcionamento da licita\u00e7\u00e3o beneficiou diversos parentes do ent\u00e3o prefeito que, por meio de gabarito fraudulento, teriam tirado as primeiras coloca\u00e7\u00f5es em v\u00e1rios cargos, como de assessor jur\u00eddico, auxiliar administrativo, motorista, nutricionista e dentista.<\/p>\n<p>A investiga\u00e7\u00e3o revelou que, com objetivo de afastar poss\u00edveis interessados no certame licitat\u00f3rio, os denunciados fixaram o dia 27 de dezembro de 2011, no per\u00edodo de recesso natalino, para a realiza\u00e7\u00e3o do preg\u00e3o. \u201cA aus\u00eancia de devida publicidade e de participa\u00e7\u00e3o das outras empresas consultadas quando da abertura do processo licitat\u00f3rio se deveu ao fato de o resultado do certame ter sido previamente ajustado entre o ex-prefeito, com o aux\u00edlio da servidora p\u00fablica pregoeira, com os s\u00f3cios da empresa, contando com o aux\u00edlio do procurador\u201d, aponta a den\u00fancia.<\/p>\n<p>Por meio do cumprimento de mandados de busca e apreens\u00e3o de documentos e de per\u00edcia em computadores utilizados pelos denunciados, foram localizados dois resultados do concurso, sendo um real e outro forjado, no qual os familiares e amigos do ent\u00e3o prefeito, que haviam sido reprovados, pularam dos \u00faltimos lugares para os primeiros lugares do certame. <\/p>\n<p>Al\u00e9m da condena\u00e7\u00e3o dos acusados, o MPMG pede o pagamento de indeniza\u00e7\u00e3o no valor de R$ 231.854,20. O n\u00famero do processo \u00e9 0031432-53.2019.8.13.0351. <\/p>\n<p><strong>VER PRIMEIRO<\/strong><\/p>\n<p>Receba as not\u00edcias do Aconteceu no Vale em primeira m\u00e3o. Clique em curtir no endere\u00e7o <a href=\"https:\/\/www.facebook.com\/aconteceunovale\" target=\"_blank\"><font color=\"red\">www.facebook.com\/aconteceunovale<\/font><\/a> ou no box abaixo:<\/p>\n<div class=\"fb-like\" data-href=\"https:\/\/www.facebook.com\/aconteceunovale\" data-width=\"120\" data-layout=\"standard\" data-action=\"like\" data-size=\"small\" data-show-faces=\"true\" data-share=\"true\"><\/div>\n<p><!-- Erro, o An\u00fancio n\u00e3o est\u00e1 dispon\u00edvel neste momento devido \u00e0s restri\u00e7\u00f5es de agendamento\/geolocaliza\u00e7\u00e3o! --><br \/>\n<\/br><\/p>\n<p><em>(Fonte: MPMG)<\/em><\/p>\n","protected":false},"excerpt":{"rendered":"<p>O Minist\u00e9rio P\u00fablico de Minas Gerais (MPMG), por meio da Promotoria de Justi\u00e7a de Jana\u00faba, no Norte de Minas, denunciou na sexta-feira, 7 de junho, um ex-prefeito de Nova Porteirinha, uma servidora p\u00fablica, os s\u00f3cios e o procurador de uma empresa de consultoria em Administra\u00e7\u00e3o P\u00fablica que prestou servi\u00e7os para o munic\u00edpio. Eles s\u00e3o acusados [&hellip;]<\/p>\n","protected":false},"author":1,"featured_media":51759,"comment_status":"open","ping_status":"closed","sticky":false,"template":"","format":"standard","meta":{"amp_status":"","footnotes":""},"categories":[1236,40240],"tags":[202804,202802,202801,202800,202803,204,19674,19675,1805,164024],"class_list":["post-149079","post","type-post","status-publish","format-standard","has-post-thumbnail","hentry","category-norte_de_minas","category-politica-2","tag-concurso-publico-em-nova-porteirinha","tag-denuncia-contra-ex-prefeito-de-nova-porteirinha","tag-ex-prefeito-de-nova-porteirinha","tag-ex-prefeito-de-nova-porteirinha-e-denunciado-por-fraude-em-concurso-publico","tag-fraude-em-concurso-publico-em-nova-porteirinha","tag-janauba","tag-ministerio-publico-de-minas-gerais","tag-mpmg","tag-nova-porteirinha","tag-promotoria-de-justica-de-janauba"],"_links":{"self":[{"href":"https:\/\/aconteceunovale.com.br\/portal\/index.php?rest_route=\/wp\/v2\/posts\/149079","targetHints":{"allow":["GET"]}}],"collection":[{"href":"https:\/\/aconteceunovale.com.br\/portal\/index.php?rest_route=\/wp\/v2\/posts"}],"about":[{"href":"https:\/\/aconteceunovale.com.br\/portal\/index.php?rest_route=\/wp\/v2\/types\/post"}],"author":[{"embeddable":true,"href":"https:\/\/aconteceunovale.com.br\/portal\/index.php?rest_route=\/wp\/v2\/users\/1"}],"replies":[{"embeddable":true,"href":"https:\/\/aconteceunovale.com.br\/portal\/index.php?rest_route=%2Fwp%2Fv2%2Fcomments&post=149079"}],"version-history":[{"count":0,"href":"https:\/\/aconteceunovale.com.br\/portal\/index.php?rest_route=\/wp\/v2\/posts\/149079\/revisions"}],"wp:featuredmedia":[{"embeddable":true,"href":"https:\/\/aconteceunovale.com.br\/portal\/index.php?rest_route=\/wp\/v2\/media\/51759"}],"wp:attachment":[{"href":"https:\/\/aconteceunovale.com.br\/portal\/index.php?rest_route=%2Fwp%2Fv2%2Fmedia&parent=149079"}],"wp:term":[{"taxonomy":"category","embeddable":true,"href":"https:\/\/aconteceunovale.com.br\/portal\/index.php?rest_route=%2Fwp%2Fv2%2Fcategories&post=149079"},{"taxonomy":"post_tag","embeddable":true,"href":"https:\/\/aconteceunovale.com.br\/portal\/index.php?rest_route=%2Fwp%2Fv2%2Ftags&post=149079"}],"curies":[{"name":"wp","href":"https:\/\/api.w.org\/{rel}","templated":true}]}}