{"id":149076,"date":"2019-06-09T11:10:05","date_gmt":"2019-06-09T13:10:05","guid":{"rendered":"http:\/\/aconteceunovale.com.br\/portal\/?p=149076"},"modified":"2019-06-09T11:10:05","modified_gmt":"2019-06-09T13:10:05","slug":"poluicao-e-assoreamento-do-rio-aracuai-afetam-abastecimento","status":"publish","type":"post","link":"https:\/\/aconteceunovale.com.br\/portal\/?p=149076","title":{"rendered":"Polui\u00e7\u00e3o e assoreamento do Rio Ara\u00e7ua\u00ed afetam abastecimento"},"content":{"rendered":"<p>O Rio Ara\u00e7ua\u00ed, no Vale do Jequitinhonha, tem registrado vaz\u00f5es cr\u00edticas \u2013 quando \u00e9 necess\u00e1rio impor restri\u00e7\u00f5es ao uso \u2013 com mais frequ\u00eancia nos \u00faltimos quatro anos. Esse per\u00edodo j\u00e1 \u00e9 o pior dos \u00faltimos 20 anos. A \u00e1gua que resta ainda sofre com a descarga de esgoto, sobretudo dos munic\u00edpios de Turmalina, Minas Novas, Francisco Badar\u00f3 e Ara\u00e7ua\u00ed.<br \/>\n<center><br \/>\n<!-- Erro, o An\u00fancio n\u00e3o est\u00e1 dispon\u00edvel neste momento devido \u00e0s restri\u00e7\u00f5es de agendamento\/geolocaliza\u00e7\u00e3o! --><br \/>\n<\/br><br \/>\n<\/center><br \/>\nAs informa\u00e7\u00f5es s\u00e3o do Instituto Mineiro de Gest\u00e3o de \u00c1guas (Igam) e foram apresentadas em audi\u00eancia p\u00fablica da Comiss\u00e3o de Assuntos Municipais e Regionaliza\u00e7\u00e3o, realizada na quarta-feira (5\/6\/19), na Assembleia Legislativa de Minas Gerais (ALMG). Na reuni\u00e3o, foram discutidas tamb\u00e9m medidas para a revitaliza\u00e7\u00e3o do manancial.<\/p>\n<p>O Ara\u00e7ua\u00ed abastece 23 munic\u00edpios, com 290 mil pessoas, e \u00e9 um dos principais afluentes do Jequitinhonha. Mas est\u00e1 \u201cpor um fio\u201d, segundo o prefeito de Ara\u00e7ua\u00ed, Armando Paix\u00e3o. \u201cSe a situa\u00e7\u00e3o continuar a mesma, em tr\u00eas ou quatro anos n\u00e3o teremos \u00e1gua para beber\u201d, alertou. De acordo com o prefeito, como a cidade est\u00e1 pr\u00f3ximo \u00e0 foz do rio, recebe \u00e1gua de p\u00e9ssima qualidade.<\/p>\n<p><strong>Sobreviv\u00eancia <\/strong>\u2013 Em 2018, segundo Armando Paix\u00e3o, a prefeitura gastou R$ 800 mil com caminh\u00f5es-pipa para levar \u00e1gua \u00e0 zona rural. Neste ano, deve gastar R$ 1 milh\u00e3o. \u201c\u00c9 \u00e1gua para sobreviv\u00eancia. O morador do campo n\u00e3o pode produzir e nem gerar renda com ela\u201d, observou. Ele pediu a uni\u00e3o de todos os \u00f3rg\u00e3os para um trabalho de longo prazo em prol do rio.<\/p>\n<p>Na fase de debates, Josias Gomes, membro do Comit\u00ea da Bacia Hidrogr\u00e1fica (CBH) do Ara\u00e7ua\u00ed, acrescentou que nem mesmo a Copanor consegue limpar a \u00e1gua da barragem do Rio Set\u00fabal, que abastece parte da regi\u00e3o. A \u00e1gua, segundo ele, est\u00e1 sendo levada \u00e0 zona rural de Ara\u00e7ua\u00ed junto com sulfato de alum\u00ednio, para os pr\u00f3prios consumidores, sem experi\u00eancia, fazerem a sedimenta\u00e7\u00e3o.<\/p>\n<p>O prefeito de Berilo, L\u00e1zaro Neves, lembrou a tese de que a regi\u00e3o se transformaria em deserto e salientou que o primeiro passo para isso, o desaparecimento das nascentes, j\u00e1 ocorre h\u00e1 muito tempo. \u201cO Rio Ara\u00e7ua\u00ed est\u00e1 na UTI. E, por tabela, morrem outros rios\u201d, apelou tamb\u00e9m o Frei Jos\u00e9 Natalino Martins Jardim, p\u00e1roco de Berilo e presidente da Caritas Diocesana.<\/p>\n<p><img decoding=\"async\" src=\"http:\/\/aconteceunovale.com.br\/portal\/wp-content\/uploads\/2019\/06\/audiencia_rio_aracuai.jpg\" alt=\"\" \/><em>Participantes destacaram problemas como a destrui\u00e7\u00e3o de nascentes e as grandes outorgas de \u00e1gua &#8211; Foto: Guilherme Dardanhan\/ALMG<\/em><br \/>\n<\/br><\/p>\n<p><strong>CBH denuncia falta de licenciamento em barragens<\/strong><\/p>\n<p>As barragens dos Rios Set\u00fabal e Calhauzinho, que impactam diretamente o Rio Ara\u00e7ua\u00ed e s\u00e3o geridas pelo governo de Minas, n\u00e3o t\u00eam licen\u00e7a de opera\u00e7\u00e3o. A den\u00fancia \u00e9 da presidente do CBH do Rio Ara\u00e7ua\u00ed, Bruna de Souza Otoni. \u201cO Estado n\u00e3o cumpriu nenhum dos programas de controle do plano ambiental da barragem e est\u00e1 ausente do comit\u00ea\u201d, refor\u00e7ou, apelando para a regulariza\u00e7\u00e3o.<\/p>\n<p>Para a presidente, \u00e9 preciso tamb\u00e9m regulamentar a preserva\u00e7\u00e3o da Serra do Gavi\u00e3o, onde est\u00e3o localizadas nascentes dos Rios Ara\u00e7ua\u00ed e Jequitinhonha. Com o pisoteio e fogo no alto, n\u00e3o teremos \u00e1gua\u201d, afirmou. Outro problema, segundo ela, \u00e9 a monocultura de eucalipto, que chega a 150 mil hectares na bacia. \u201cH\u00e1 outorgas de \u00e1guas para eles tamb\u00e9m\u201d, pontuou.<\/p>\n<p>Ocupa\u00e7\u00f5es irregulares, com supress\u00e3o de matas ciliares, falta de saneamento e de reuso da \u00e1gua, presen\u00e7a de lix\u00f5es e aterros, al\u00e9m da minera\u00e7\u00e3o, foram outros problemas citados por Bruna. Ela tamb\u00e9m lamentou o sucateamento dos \u00f3rg\u00e3os ambientais da Uni\u00e3o e do Estado, inclusive com contingenciamento de recursos para os comit\u00eas.<\/p>\n<p>Prefeitos e vereadores de v\u00e1rias cidades estiveram na audi\u00eancia. Na fase de debates, v\u00e1rios participantes refor\u00e7aram os problemas relacionados ao abastecimento de \u00e1gua no Vale do Jequitinhonha, como o pisoteamento de nascentes pelo gado, a monocultura de eucalipto, as grandes outorgas para uso de \u00e1gua e tamb\u00e9m os gargalos sociais gerados por essa situa\u00e7\u00e3o.<\/p>\n<p><strong>Programas <\/strong>\u2013 Por outro lado, Igam e Copasa apresentaram projetos que podem beneficiar a regi\u00e3o. Est\u00e1 em fase de consulta p\u00fablica para prioriza\u00e7\u00e3o de \u00e1reas, por exemplo, o Somos Todos \u00c1gua, do Igam, voltado para a recupera\u00e7\u00e3o dos cursos d\u2019\u00e1gua com vistas \u00e0 seguran\u00e7a h\u00eddrica e \u00e0 diversidade.<\/p>\n<p>A Copasa\/Copanor citou o Pr\u00f3-mananciais, que investiu R$ 423 mil em cinco cidades da regi\u00e3o. O programa faz replantio de nascentes, cercas e pequenas barragens, com educa\u00e7\u00e3o ambiental de crian\u00e7as. Outros R$ 22,5 milh\u00f5es ser\u00e3o aportados no semi\u00e1rido para projetos alternativos de oferta h\u00eddrica. H\u00e1, ainda investimento de R$ 10 milh\u00f5es em Ara\u00e7ua\u00ed para Esta\u00e7\u00f5es de Tratamento.<\/p>\n<p>Para o vice-presidente da Copasa, Tadeu Jos\u00e9 de Mendon\u00e7a, o grande desafio \u00e9 o uso racional da \u00e1gua. Outros \u00f3rg\u00e3os p\u00fablicos tamb\u00e9m enviaram representantes, como a Emater, que tem experi\u00eancia em constru\u00e7\u00f5es de barraginhas e adequa\u00e7\u00e3o ambiental de estradas vicinais e se disp\u00f4s a trabalhar na zona rural dos munic\u00edpios. O Instituto Estadual de Florestas (IEF) tamb\u00e9m se colocou \u00e0 disposi\u00e7\u00e3o.<\/p>\n<p><strong>Deputados pedem provid\u00eancias<\/strong><\/p>\n<p>Dalmo Ribeiro Silva (PSDB), autor do requerimento para a audi\u00eancia, ressaltou a import\u00e2ncia ambiental, cultural, hist\u00f3rica e econ\u00f4mica do Rio Ara\u00e7ua\u00ed. \u201cEsse patrim\u00f4nio do Jequitinhonha sofre com descaso, assoreamento, esgoto e desmatamento de mata ciliar\u201d, contrap\u00f4s. Ao final da reuni\u00e3o, ele sugeriu v\u00e1rios requerimentos solicitando provid\u00eancias dos \u00f3rg\u00e3os p\u00fablicos.<\/p>\n<p>Natural do Jequitinhonha, Doutor Jean Freire (PT) enfatizou o descaso com a regi\u00e3o. \u201cProduzimos 90% do l\u00edtio brasileiro e mendigamos \u00e1gua\u201d, comparou. Ele anunciou a forma\u00e7\u00e3o da Frente Parlamentar do Semi\u00e1rido Mineiro, que vai tratar da situa\u00e7\u00e3o dos rios. \u201cN\u00e3o podemos discutir os grandes sem tratar dos pequenos\u201d, salientou.<\/p>\n<p>J\u00e1 Ros\u00e2ngela Reis (Pode), presidente da Comiss\u00e3o, tamb\u00e9m refor\u00e7ou que a discuss\u00e3o sobre o Rio Ara\u00e7ua\u00ed \u00e9 ainda mais importante em fun\u00e7\u00e3o de a \u00e1gua ser escassa na regi\u00e3o.<\/p>\n<p><strong>VER PRIMEIRO<\/strong><\/p>\n<p>Receba as not\u00edcias do Aconteceu no Vale em primeira m\u00e3o. Clique em curtir no endere\u00e7o <a href=\"https:\/\/www.facebook.com\/aconteceunovale\" target=\"_blank\"><font color=\"red\">www.facebook.com\/aconteceunovale<\/font><\/a> ou no box abaixo:<\/p>\n<div class=\"fb-like\" data-href=\"https:\/\/www.facebook.com\/aconteceunovale\" data-width=\"120\" data-layout=\"standard\" data-action=\"like\" data-size=\"small\" data-show-faces=\"true\" data-share=\"true\"><\/div>\n<p><!-- Erro, o An\u00fancio n\u00e3o est\u00e1 dispon\u00edvel neste momento devido \u00e0s restri\u00e7\u00f5es de agendamento\/geolocaliza\u00e7\u00e3o! --><br \/>\n<\/br><\/p>\n<p><em>(Fonte: ALMG)<\/em><\/p>\n","protected":false},"excerpt":{"rendered":"<p>O Rio Ara\u00e7ua\u00ed, no Vale do Jequitinhonha, tem registrado vaz\u00f5es cr\u00edticas \u2013 quando \u00e9 necess\u00e1rio impor restri\u00e7\u00f5es ao uso \u2013 com mais frequ\u00eancia nos \u00faltimos quatro anos. Esse per\u00edodo j\u00e1 \u00e9 o pior dos \u00faltimos 20 anos. A \u00e1gua que resta ainda sofre com a descarga de esgoto, sobretudo dos munic\u00edpios de Turmalina, Minas Novas, [&hellip;]<\/p>\n","protected":false},"author":1,"featured_media":149077,"comment_status":"open","ping_status":"closed","sticky":false,"template":"","format":"standard","meta":{"amp_status":"","footnotes":""},"categories":[120],"tags":[752,186,1385,202796,187,36840,19160,202799,137,202797,202795,202794,42982,56593,21752,202798,178],"class_list":["post-149076","post","type-post","status-publish","format-standard","has-post-thumbnail","hentry","category-jequi","tag-almg","tag-aracuai","tag-armando-paixao","tag-assoreamento-do-rio-aracuai","tag-francisco-badaro","tag-igam","tag-instituto-mineiro-de-gestao-de-aguas","tag-lazaro-neves","tag-minas-novas","tag-poluicao-do-rio-aracuai","tag-poluicao-e-assoreamento-do-rio-aracuai","tag-poluicao-e-assoreamento-do-rio-aracuai-afetam-abastecimento","tag-prefeito-de-aracuai","tag-prefeito-de-berilo","tag-rio-aracuai","tag-situacao-do-rio-aracuai","tag-turmalina"],"_links":{"self":[{"href":"https:\/\/aconteceunovale.com.br\/portal\/index.php?rest_route=\/wp\/v2\/posts\/149076","targetHints":{"allow":["GET"]}}],"collection":[{"href":"https:\/\/aconteceunovale.com.br\/portal\/index.php?rest_route=\/wp\/v2\/posts"}],"about":[{"href":"https:\/\/aconteceunovale.com.br\/portal\/index.php?rest_route=\/wp\/v2\/types\/post"}],"author":[{"embeddable":true,"href":"https:\/\/aconteceunovale.com.br\/portal\/index.php?rest_route=\/wp\/v2\/users\/1"}],"replies":[{"embeddable":true,"href":"https:\/\/aconteceunovale.com.br\/portal\/index.php?rest_route=%2Fwp%2Fv2%2Fcomments&post=149076"}],"version-history":[{"count":0,"href":"https:\/\/aconteceunovale.com.br\/portal\/index.php?rest_route=\/wp\/v2\/posts\/149076\/revisions"}],"wp:featuredmedia":[{"embeddable":true,"href":"https:\/\/aconteceunovale.com.br\/portal\/index.php?rest_route=\/wp\/v2\/media\/149077"}],"wp:attachment":[{"href":"https:\/\/aconteceunovale.com.br\/portal\/index.php?rest_route=%2Fwp%2Fv2%2Fmedia&parent=149076"}],"wp:term":[{"taxonomy":"category","embeddable":true,"href":"https:\/\/aconteceunovale.com.br\/portal\/index.php?rest_route=%2Fwp%2Fv2%2Fcategories&post=149076"},{"taxonomy":"post_tag","embeddable":true,"href":"https:\/\/aconteceunovale.com.br\/portal\/index.php?rest_route=%2Fwp%2Fv2%2Ftags&post=149076"}],"curies":[{"name":"wp","href":"https:\/\/api.w.org\/{rel}","templated":true}]}}