{"id":149030,"date":"2019-05-31T12:28:37","date_gmt":"2019-05-31T14:28:37","guid":{"rendered":"http:\/\/aconteceunovale.com.br\/portal\/?p=149030"},"modified":"2019-05-31T12:28:37","modified_gmt":"2019-05-31T14:28:37","slug":"microempreendedor-tem-ate-hoje-para-entregar-declaracao-do-simples","status":"publish","type":"post","link":"https:\/\/aconteceunovale.com.br\/portal\/?p=149030","title":{"rendered":"Microempreendedor tem at\u00e9 hoje para entregar declara\u00e7\u00e3o do Simples"},"content":{"rendered":"<p>Os microempreendedores individuais (MEI), profissionais aut\u00f4nomos com at\u00e9 um empregado contratado formalmente, t\u00eam at\u00e9 hoje (31) para entregar a Declara\u00e7\u00e3o Anual do Simples Nacional relativa ao exerc\u00edcio do ano passado. Quem perder o prazo pagar\u00e1 multa de R$ 50 ou 2% dos tributos devidos, prevalecendo o maior valor.<br \/>\n<center><br \/>\n<!-- Erro, o An\u00fancio n\u00e3o est\u00e1 dispon\u00edvel neste momento devido \u00e0s restri\u00e7\u00f5es de agendamento\/geolocaliza\u00e7\u00e3o! --><br \/>\n<\/br><br \/>\n<\/center><br \/>\nMesmo os microempreendedores que encerraram o neg\u00f3cio em 2018 precisam entregar a declara\u00e7\u00e3o. A declara\u00e7\u00e3o \u00e9 feita pela internet, na p\u00e1gina do\u00a0<span style=\"color: #ff6600;\"><a href=\"http:\/\/www.portaldoempreendedor.gov.br\/\" target=\"_blank\"><span style=\"color: #ff6600;\">Portal do Empreendedor<\/span><\/a><\/span>. O Servi\u00e7o Brasileiro de Apoio \u00e0s Micro e Pequenas Empresas (Sebrae) tamb\u00e9m fornece orienta\u00e7\u00f5es.<\/p>\n<p>Na Declara\u00e7\u00e3o Anual do Simples Nacional, o microempreendedor precisa enviar \u00e0 Receita Federal o total do faturamento do ano anterior, discriminando apenas as vendas realizadas com ou sem emiss\u00e3o de documento fiscal. O MEI deve fazer um relat\u00f3rio das receitas obtidas a cada m\u00eas, com base em um modelo no Portal do Empreendedor, e conferir se o valor das notas fiscais emitidas foi anotado corretamente no relat\u00f3rio.<\/p>\n<p><strong>VER PRIMEIRO<\/strong><\/p>\n<p>Receba as not\u00edcias do Aconteceu no Vale em primeira m\u00e3o. Clique em curtir no endere\u00e7o <a href=\"https:\/\/www.facebook.com\/aconteceunovale\" target=\"_blank\"><font color=\"red\">www.facebook.com\/aconteceunovale<\/font><\/a> ou no box abaixo:<\/p>\n<div class=\"fb-like\" data-href=\"https:\/\/www.facebook.com\/aconteceunovale\" data-width=\"120\" data-layout=\"standard\" data-action=\"like\" data-size=\"small\" data-show-faces=\"true\" data-share=\"true\"><\/div>\n<p><!-- Erro, o An\u00fancio n\u00e3o est\u00e1 dispon\u00edvel neste momento devido \u00e0s restri\u00e7\u00f5es de agendamento\/geolocaliza\u00e7\u00e3o! --><br \/>\n<\/br><\/p>\n<p><em>(Fonte: Ag\u00eancia Brasil)<\/em><\/p>\n","protected":false},"excerpt":{"rendered":"<p>Os microempreendedores individuais (MEI), profissionais aut\u00f4nomos com at\u00e9 um empregado contratado formalmente, t\u00eam at\u00e9 hoje (31) para entregar a Declara\u00e7\u00e3o Anual do Simples Nacional relativa ao exerc\u00edcio do ano passado. Quem perder o prazo pagar\u00e1 multa de R$ 50 ou 2% dos tributos devidos, prevalecendo o maior valor. Mesmo os microempreendedores que encerraram o neg\u00f3cio [&hellip;]<\/p>\n","protected":false},"author":1,"featured_media":149031,"comment_status":"open","ping_status":"closed","sticky":false,"template":"","format":"standard","meta":{"amp_status":"","footnotes":""},"categories":[6],"tags":[21726,142803,202739,202736,202737,142802,142801,202741,20123,202740,202738,28130],"class_list":["post-149030","post","type-post","status-publish","format-standard","has-post-thumbnail","hentry","category-br","tag-declaracao","tag-declaracao-anual-do-simples-nacional","tag-declaracao-anual-mei","tag-declaracao-mei","tag-entrega-declaracao-mei","tag-mei","tag-microempreendedor-individual","tag-microempreendedor-tem-ate-hoje-para-entregar-declaracao-do-simples","tag-prazo","tag-prazo-declaracao-anual-mei","tag-prazo-declaracao-mei","tag-simples-nacional"],"_links":{"self":[{"href":"https:\/\/aconteceunovale.com.br\/portal\/index.php?rest_route=\/wp\/v2\/posts\/149030","targetHints":{"allow":["GET"]}}],"collection":[{"href":"https:\/\/aconteceunovale.com.br\/portal\/index.php?rest_route=\/wp\/v2\/posts"}],"about":[{"href":"https:\/\/aconteceunovale.com.br\/portal\/index.php?rest_route=\/wp\/v2\/types\/post"}],"author":[{"embeddable":true,"href":"https:\/\/aconteceunovale.com.br\/portal\/index.php?rest_route=\/wp\/v2\/users\/1"}],"replies":[{"embeddable":true,"href":"https:\/\/aconteceunovale.com.br\/portal\/index.php?rest_route=%2Fwp%2Fv2%2Fcomments&post=149030"}],"version-history":[{"count":0,"href":"https:\/\/aconteceunovale.com.br\/portal\/index.php?rest_route=\/wp\/v2\/posts\/149030\/revisions"}],"wp:featuredmedia":[{"embeddable":true,"href":"https:\/\/aconteceunovale.com.br\/portal\/index.php?rest_route=\/wp\/v2\/media\/149031"}],"wp:attachment":[{"href":"https:\/\/aconteceunovale.com.br\/portal\/index.php?rest_route=%2Fwp%2Fv2%2Fmedia&parent=149030"}],"wp:term":[{"taxonomy":"category","embeddable":true,"href":"https:\/\/aconteceunovale.com.br\/portal\/index.php?rest_route=%2Fwp%2Fv2%2Fcategories&post=149030"},{"taxonomy":"post_tag","embeddable":true,"href":"https:\/\/aconteceunovale.com.br\/portal\/index.php?rest_route=%2Fwp%2Fv2%2Ftags&post=149030"}],"curies":[{"name":"wp","href":"https:\/\/api.w.org\/{rel}","templated":true}]}}