{"id":149026,"date":"2019-05-31T12:21:51","date_gmt":"2019-05-31T14:21:51","guid":{"rendered":"http:\/\/aconteceunovale.com.br\/portal\/?p=149026"},"modified":"2019-05-31T12:21:51","modified_gmt":"2019-05-31T14:21:51","slug":"campanha-da-gripe-sera-aberta-a-toda-a-populacao","status":"publish","type":"post","link":"https:\/\/aconteceunovale.com.br\/portal\/?p=149026","title":{"rendered":"Campanha da Gripe ser\u00e1 aberta a toda a popula\u00e7\u00e3o"},"content":{"rendered":"<p>A partir de segunda-feira (3\/6), as doses restantes da Campanha Nacional de Vacina\u00e7\u00e3o contra a Gripe estar\u00e3o dispon\u00edveis para toda a popula\u00e7\u00e3o, em todo o Brasil, conforme orienta\u00e7\u00e3o do Minist\u00e9rio da Sa\u00fade. A campanha, que come\u00e7ou no dia 10 de abril e termina nesta sexta-feira (31\/5), tem como meta vacinar 90% dos grupos priorit\u00e1rios. Em Minas Gerais, a cobertura vacinal at\u00e9 o momento est\u00e1 em 86,7%.<br \/>\n<center><br \/>\n<!-- Erro, o An\u00fancio n\u00e3o est\u00e1 dispon\u00edvel neste momento devido \u00e0s restri\u00e7\u00f5es de agendamento\/geolocaliza\u00e7\u00e3o! --><br \/>\n<\/br><br \/>\n<\/center><br \/>\nA coordenadora de imuniza\u00e7\u00e3o da Secretaria de Estado de Sa\u00fade (SES), Josianne Gusm\u00e3o, refor\u00e7a a import\u00e2ncia de as pessoas que pertencem aos grupos priorit\u00e1rios e que ainda n\u00e3o se imunizaram procurarem as Unidades B\u00e1sicas de Sa\u00fade (UBS). Em Minas Gerais, s\u00e3o cerca de 4.100 postos de vacina\u00e7\u00e3o em funcionamento. \u201cAlertamos para que os munic\u00edpios continuem se esfor\u00e7ando para o alcance da meta de 90% nos grupos eleg\u00edveis, por meio da realiza\u00e7\u00e3o de busca ativa e de outras estrat\u00e9gias para o alcance de cobertura\u201d, frisa.<\/p>\n<p>Entre os grupos priorit\u00e1rios est\u00e3o as crian\u00e7as na faixa et\u00e1ria de 6 meses a menores de 6 anos de idade (5 anos, 11 meses e 29 dias), gestantes, pu\u00e9rperas (at\u00e9 45 dias ap\u00f3s o parto), trabalhadores de sa\u00fade, professores de escolas p\u00fablicas e privadas, ind\u00edgenas, indiv\u00edduos com 60 anos ou mais de idade, adolescentes e jovens de 12 a 21 anos de idade sob medidas socioeducativas, popula\u00e7\u00e3o privada de liberdade, funcion\u00e1rios do sistema prisional, pessoas portadores de doen\u00e7as cr\u00f4nicas n\u00e3o transmiss\u00edveis e outras condi\u00e7\u00f5es cl\u00ednicas especiais, policiais civis, policiais militares, bombeiros e membros ativos das For\u00e7as Armadas.<\/p>\n<p>A escolha do p\u00fablico priorit\u00e1rio no Brasil segue recomenda\u00e7\u00e3o da Organiza\u00e7\u00e3o Mundial da Sa\u00fade (OMS). Essa defini\u00e7\u00e3o tamb\u00e9m \u00e9 respaldada por estudos epidemiol\u00f3gicos e pela observa\u00e7\u00e3o do comportamento das infec\u00e7\u00f5es respirat\u00f3rias, que t\u00eam como principal agente os v\u00edrus da gripe. S\u00e3o priorizados os grupos mais suscet\u00edveis ao agravamento de doen\u00e7as respirat\u00f3rias.<\/p>\n<p><strong>Gripe em Minas<\/strong><\/p>\n<p>Em 2019, at\u00e9 o momento, j\u00e1 foram confirmados 56 casos de S\u00edndrome Respirat\u00f3ria Aguda Grave (SRAG), causados pelo v\u00edrus da Influenza (gripe). Desses casos, quatro evolu\u00edram para o \u00f3bito. As mortes, que est\u00e3o associadas ao v\u00edrus Influenza A (H1N1), ocorreram nos munic\u00edpios de Belo Horizonte (2), Juiz de Fora (1) e Andrel\u00e2ndia (1).<\/p>\n<p><strong>VER PRIMEIRO<\/strong><\/p>\n<p>Receba as not\u00edcias do Aconteceu no Vale em primeira m\u00e3o. Clique em curtir no endere\u00e7o <a href=\"https:\/\/www.facebook.com\/aconteceunovale\" target=\"_blank\"><font color=\"red\">www.facebook.com\/aconteceunovale<\/font><\/a> ou no box abaixo:<\/p>\n<div class=\"fb-like\" data-href=\"https:\/\/www.facebook.com\/aconteceunovale\" data-width=\"120\" data-layout=\"standard\" data-action=\"like\" data-size=\"small\" data-show-faces=\"true\" data-share=\"true\"><\/div>\n<p><!-- Erro, o An\u00fancio n\u00e3o est\u00e1 dispon\u00edvel neste momento devido \u00e0s restri\u00e7\u00f5es de agendamento\/geolocaliza\u00e7\u00e3o! --><br \/>\n<\/br><\/p>\n<p><em>(Fonte: Ag\u00eancia Minas)<\/em><\/p>\n","protected":false},"excerpt":{"rendered":"<p>A partir de segunda-feira (3\/6), as doses restantes da Campanha Nacional de Vacina\u00e7\u00e3o contra a Gripe estar\u00e3o dispon\u00edveis para toda a popula\u00e7\u00e3o, em todo o Brasil, conforme orienta\u00e7\u00e3o do Minist\u00e9rio da Sa\u00fade. A campanha, que come\u00e7ou no dia 10 de abril e termina nesta sexta-feira (31\/5), tem como meta vacinar 90% dos grupos priorit\u00e1rios. Em [&hellip;]<\/p>\n","protected":false},"author":1,"featured_media":149028,"comment_status":"open","ping_status":"closed","sticky":false,"template":"","format":"standard","meta":{"amp_status":"","footnotes":""},"categories":[123,40242],"tags":[202735,6224,95428,202671,202672,202670,208,213,254,219,43378,202669,43700,46376],"class_list":["post-149026","post","type-post","status-publish","format-standard","has-post-thumbnail","hentry","category-gerais","category-saude-2","tag-campanha-da-gripe-sera-aberta-a-toda-a-populacao","tag-campanha-de-vacinacao-contra-a-gripe","tag-campanha-nacional-de-vacinacao-contra-a-gripe","tag-campanha-nacional-de-vacinacao-contra-a-influenza","tag-cerca-de-1-1-milhao-de-pessoas-ainda-nao-se-vacinaram-contra-a-gripe-em-minas-gerais","tag-imunizacao-contra-gripe-em-minas-gerais","tag-leopoldina","tag-passos","tag-pirapora","tag-uba","tag-vacina-contra-gripe","tag-vacina-contra-gripe-em-minas-gerais","tag-vacinacao-contra-a-gripe","tag-vacinacao-contra-a-gripe-em-minas-gerais"],"_links":{"self":[{"href":"https:\/\/aconteceunovale.com.br\/portal\/index.php?rest_route=\/wp\/v2\/posts\/149026","targetHints":{"allow":["GET"]}}],"collection":[{"href":"https:\/\/aconteceunovale.com.br\/portal\/index.php?rest_route=\/wp\/v2\/posts"}],"about":[{"href":"https:\/\/aconteceunovale.com.br\/portal\/index.php?rest_route=\/wp\/v2\/types\/post"}],"author":[{"embeddable":true,"href":"https:\/\/aconteceunovale.com.br\/portal\/index.php?rest_route=\/wp\/v2\/users\/1"}],"replies":[{"embeddable":true,"href":"https:\/\/aconteceunovale.com.br\/portal\/index.php?rest_route=%2Fwp%2Fv2%2Fcomments&post=149026"}],"version-history":[{"count":0,"href":"https:\/\/aconteceunovale.com.br\/portal\/index.php?rest_route=\/wp\/v2\/posts\/149026\/revisions"}],"wp:featuredmedia":[{"embeddable":true,"href":"https:\/\/aconteceunovale.com.br\/portal\/index.php?rest_route=\/wp\/v2\/media\/149028"}],"wp:attachment":[{"href":"https:\/\/aconteceunovale.com.br\/portal\/index.php?rest_route=%2Fwp%2Fv2%2Fmedia&parent=149026"}],"wp:term":[{"taxonomy":"category","embeddable":true,"href":"https:\/\/aconteceunovale.com.br\/portal\/index.php?rest_route=%2Fwp%2Fv2%2Fcategories&post=149026"},{"taxonomy":"post_tag","embeddable":true,"href":"https:\/\/aconteceunovale.com.br\/portal\/index.php?rest_route=%2Fwp%2Fv2%2Ftags&post=149026"}],"curies":[{"name":"wp","href":"https:\/\/api.w.org\/{rel}","templated":true}]}}