{"id":148938,"date":"2019-05-27T19:53:04","date_gmt":"2019-05-27T21:53:04","guid":{"rendered":"http:\/\/aconteceunovale.com.br\/portal\/?p=148938"},"modified":"2019-05-27T19:53:04","modified_gmt":"2019-05-27T21:53:04","slug":"juiz-decreta-prisao-preventiva-do-autor-de-chacina-em-paracatu","status":"publish","type":"post","link":"https:\/\/aconteceunovale.com.br\/portal\/?p=148938","title":{"rendered":"Juiz decreta pris\u00e3o preventiva do autor de chacina em Paracatu"},"content":{"rendered":"<p>O juiz Jos\u00e9 Rubens Borges Matos, da Vara de Feitos Criminais e da Inf\u00e2ncia e da Juventude de Paracatu, converteu, em 24 de maio, a pris\u00e3o em flagrante de Rudson Arag\u00e3o Guimar\u00e3es em preventiva. Ele \u00e9 apontado como o respons\u00e1vel pela morte de quatro pessoas, em Paracatu, na Regi\u00e3o Noroeste de Minas.<br \/>\n<center><br \/>\n<!-- Erro, o An\u00fancio n\u00e3o est\u00e1 dispon\u00edvel neste momento devido \u00e0s restri\u00e7\u00f5es de agendamento\/geolocaliza\u00e7\u00e3o! --><br \/>\n<\/br><br \/>\n<\/center><br \/>\nO magistrado afirmou que h\u00e1 ind\u00edcios de que o homem, na \u00faltima ter\u00e7a-feira, 21 de maio, matou a golpes de canivete a ex-namorada, de 59 anos, durante um grupo de ora\u00e7\u00e3o, e mais tr\u00eas pessoas, a tiros, no meio de um culto, dentro da Igreja Batista Shalom.<\/p>\n<p>A inten\u00e7\u00e3o do acusado, de acordo com investiga\u00e7\u00f5es da Pol\u00edcia Militar, era agredir o pastor da denomina\u00e7\u00e3o, com quem ele teve desentendimentos. No entanto, o homem fugiu do local no momento da invas\u00e3o.<\/p>\n<p>O acusado foi ferido depois de atirar numa ref\u00e9m durante as negocia\u00e7\u00f5es com os policiais, que pretendiam que ele se rendesse e abandonasse o templo. Ele deixou o hospital, onde estava sob escolta, e foi levado para o Complexo Penitenci\u00e1rio Nossa Senhora do Carmo, em Carmo do Parana\u00edba.<\/p>\n<p>O juiz Jos\u00e9 Rubens Matos afirmou que a materialidade da infra\u00e7\u00e3o penal ficou configurada pelo auto de pris\u00e3o em flagrante delito e h\u00e1 ind\u00edcios suficientes de autoria. \u201cA periculosidade concreta do flagranteado imp\u00f5e a manuten\u00e7\u00e3o do c\u00e1rcere como medida de salvaguardar a ordem p\u00fablica\u201d, declarou.<\/p>\n<p>De acordo com o juiz, pesaram para a decis\u00e3o a necessidade da instru\u00e7\u00e3o criminal, pois a resposta do acusado aos agentes policiais, a an\u00e1lise dos seus antecedentes e a execu\u00e7\u00e3o dos crimes indicam que ele poderia voltar a delinquir, bem como o fato de seu principal alvo ter escapado.<\/p>\n<p>Outros fatores importantes foram a repercuss\u00e3o do delito, que gerou como\u00e7\u00e3o nacional, e sua natureza grav\u00edssima, que imp\u00f5e o acautelamento do meio social. Segundo o magistrado, os quatro homic\u00eddios justificam a decreta\u00e7\u00e3o da pris\u00e3o cautelar, \u201cexigindo uma resposta en\u00e9rgica por parte do Poder Judici\u00e1rio\u201d.<\/p>\n<p><img decoding=\"async\" src=\"http:\/\/aconteceunovale.com.br\/portal\/wp-content\/uploads\/2019\/05\/crime_paracatu_1.jpg\" alt=\"\" \/><em>Quatro pessoas foram assassinadas em Paracatu \u2014 Foto: Divulga\u00e7\u00e3o\/Pol\u00edcia Militar<\/em><br \/>\n<\/br><\/p>\n<p><strong>VER PRIMEIRO<\/strong><\/p>\n<p>Receba as not\u00edcias do Aconteceu no Vale em primeira m\u00e3o. Clique em curtir no endere\u00e7o <a href=\"https:\/\/www.facebook.com\/aconteceunovale\" target=\"_blank\"><font color=\"red\">www.facebook.com\/aconteceunovale<\/font><\/a> ou no box abaixo:<\/p>\n<div class=\"fb-like\" data-href=\"https:\/\/www.facebook.com\/aconteceunovale\" data-width=\"120\" data-layout=\"standard\" data-action=\"like\" data-size=\"small\" data-show-faces=\"true\" data-share=\"true\"><\/div>\n<p><!-- Erro, o An\u00fancio n\u00e3o est\u00e1 dispon\u00edvel neste momento devido \u00e0s restri\u00e7\u00f5es de agendamento\/geolocaliza\u00e7\u00e3o! --><br \/>\n<\/br><\/p>\n<p><em>(Fonte: TJMG)<\/em><\/p>\n","protected":false},"excerpt":{"rendered":"<p>O juiz Jos\u00e9 Rubens Borges Matos, da Vara de Feitos Criminais e da Inf\u00e2ncia e da Juventude de Paracatu, converteu, em 24 de maio, a pris\u00e3o em flagrante de Rudson Arag\u00e3o Guimar\u00e3es em preventiva. Ele \u00e9 apontado como o respons\u00e1vel pela morte de quatro pessoas, em Paracatu, na Regi\u00e3o Noroeste de Minas. O magistrado afirmou [&hellip;]<\/p>\n","protected":false},"author":1,"featured_media":148769,"comment_status":"open","ping_status":"closed","sticky":false,"template":"","format":"standard","meta":{"amp_status":"","footnotes":""},"categories":[123],"tags":[202405,202340,202339,202335,202401,202337,202338,202326,1018,202402,202404,202323,202331,202650,202648,202647,202649,202407,202325,202327,202330,202328,202336,212,202333,202332,202406,202334,202403,202329,202324],"class_list":["post-148938","post","type-post","status-publish","format-standard","has-post-thumbnail","hentry","category-gerais","tag-antonio-rama","tag-ataque-em-igreja-de-paracatu","tag-ataque-em-paracatu","tag-caso-paracatu","tag-chacina-em-paracatu-pode-ter-sido-motivada-por-perda-de-lideranca","tag-crime-barbaro-em-paracatu","tag-crime-brutal-em-paracatu","tag-crime-em-paracatu","tag-destaque","tag-diz-policia-civil","tag-heloisa-vieira-andrade","tag-homem-invade-igreja-e-mata-outras-tres-pessoas-em-paracatu","tag-homicidios-em-paracatu","tag-jose-rubens-borges-matos","tag-juiz-decreta-prisao-preventiva-do-autor-de-chacina-em-igreja-de-paracatu","tag-juiz-decreta-prisao-preventiva-do-autor-de-chacina-em-paracatu","tag-juiz-jose-rubens-borges-matos","tag-marilene-martins-de-melo-neves","tag-massacre-em-paracatu","tag-mortes-em-paracatu","tag-mortos-em-igreja-de-paracatu","tag-mortos-em-igreja-em-paracatu","tag-ocorrencia-em-paracatu","tag-paracatu","tag-pessoas-assassinada-em-paracatu","tag-pessoas-mortas-em-paracatu","tag-rosangela-albernaz","tag-rudson-aragao-guimaraes","tag-thays-regina-silva","tag-tragedia-em-igreja-de-paracatu","tag-tragedia-em-paracatu"],"_links":{"self":[{"href":"https:\/\/aconteceunovale.com.br\/portal\/index.php?rest_route=\/wp\/v2\/posts\/148938","targetHints":{"allow":["GET"]}}],"collection":[{"href":"https:\/\/aconteceunovale.com.br\/portal\/index.php?rest_route=\/wp\/v2\/posts"}],"about":[{"href":"https:\/\/aconteceunovale.com.br\/portal\/index.php?rest_route=\/wp\/v2\/types\/post"}],"author":[{"embeddable":true,"href":"https:\/\/aconteceunovale.com.br\/portal\/index.php?rest_route=\/wp\/v2\/users\/1"}],"replies":[{"embeddable":true,"href":"https:\/\/aconteceunovale.com.br\/portal\/index.php?rest_route=%2Fwp%2Fv2%2Fcomments&post=148938"}],"version-history":[{"count":0,"href":"https:\/\/aconteceunovale.com.br\/portal\/index.php?rest_route=\/wp\/v2\/posts\/148938\/revisions"}],"wp:featuredmedia":[{"embeddable":true,"href":"https:\/\/aconteceunovale.com.br\/portal\/index.php?rest_route=\/wp\/v2\/media\/148769"}],"wp:attachment":[{"href":"https:\/\/aconteceunovale.com.br\/portal\/index.php?rest_route=%2Fwp%2Fv2%2Fmedia&parent=148938"}],"wp:term":[{"taxonomy":"category","embeddable":true,"href":"https:\/\/aconteceunovale.com.br\/portal\/index.php?rest_route=%2Fwp%2Fv2%2Fcategories&post=148938"},{"taxonomy":"post_tag","embeddable":true,"href":"https:\/\/aconteceunovale.com.br\/portal\/index.php?rest_route=%2Fwp%2Fv2%2Ftags&post=148938"}],"curies":[{"name":"wp","href":"https:\/\/api.w.org\/{rel}","templated":true}]}}