{"id":148936,"date":"2019-05-27T18:28:08","date_gmt":"2019-05-27T20:28:08","guid":{"rendered":"http:\/\/aconteceunovale.com.br\/portal\/?p=148936"},"modified":"2019-05-27T18:28:08","modified_gmt":"2019-05-27T20:28:08","slug":"municipio-de-rio-vermelho-indeniza-homem-atropelado-em-meio-fio","status":"publish","type":"post","link":"https:\/\/aconteceunovale.com.br\/portal\/?p=148936","title":{"rendered":"Munic\u00edpio de Rio Vermelho indeniza homem atropelado em meio-fio"},"content":{"rendered":"<p>Um morador de Rio Vermelho (regi\u00e3o Central de Minas) ser\u00e1 indenizado pelo munic\u00edpio porque foi atingido por um caminh\u00e3o de lixo quando estava sentado em um meio-fio. Ele teve a perna esquerda amputada. O valor da indeniza\u00e7\u00e3o por dano moral foi fixado em R$ 30 mil e ser\u00e1 corrigido monetariamente.<br \/>\n<center><br \/>\n<!-- Erro, o An\u00fancio n\u00e3o est\u00e1 dispon\u00edvel neste momento devido \u00e0s restri\u00e7\u00f5es de agendamento\/geolocaliza\u00e7\u00e3o! --><br \/>\n<\/br><br \/>\n<\/center><br \/>\nDe acordo com o processo, a v\u00edtima estava sentada na esquina de duas ruas, quando o motorista se equivocou na convers\u00e3o do caminh\u00e3o. Ao ser avisado de que havia atingido a v\u00edtima, ele deu marcha a r\u00e9 e a feriu novamente.<\/p>\n<p>Em sua defesa, o munic\u00edpio alegou que o culpado pelo acidente foi o autor do processo, que estava sentado no meio-fio, com os p\u00e9s sobre a via p\u00fablica, em estado de embriaguez.<\/p>\n<p>O relator do processo no Tribunal de Justi\u00e7a de Minas Gerais, desembargador Moacyr Lobato, entendeu que ficou patente o erro do motorista do caminh\u00e3o, sob a responsabilidade do munic\u00edpio, ao fazer a convers\u00e3o e n\u00e3o observar as cautelas necess\u00e1rias. Se estivesse afastado do meio-fio, n\u00e3o teria atingido a v\u00edtima, observou o magistrado.<\/p>\n<p>Em seu voto, o desembargador Moacyr Lobato registrou que a Administra\u00e7\u00e3o P\u00fablica responde pelos danos que seus agentes causem a terceiros. Para tanto, \u00e9 suficiente a prova do nexo de causalidade entre o ato praticado e o dano dele advindo, sendo desnecess\u00e1ria a comprova\u00e7\u00e3o da culpa.<\/p>\n<p>Os desembargadores Lu\u00eds Carlos Gambogi e Wander Marotta acompanharam o voto do relator.<\/p>\n<p><strong>VER PRIMEIRO<\/strong><\/p>\n<p>Receba as not\u00edcias do Aconteceu no Vale em primeira m\u00e3o. Clique em curtir no endere\u00e7o <a href=\"https:\/\/www.facebook.com\/aconteceunovale\" target=\"_blank\"><font color=\"red\">www.facebook.com\/aconteceunovale<\/font><\/a> ou no box abaixo:<\/p>\n<div class=\"fb-like\" data-href=\"https:\/\/www.facebook.com\/aconteceunovale\" data-width=\"120\" data-layout=\"standard\" data-action=\"like\" data-size=\"small\" data-show-faces=\"true\" data-share=\"true\"><\/div>\n<p><!-- Erro, o An\u00fancio n\u00e3o est\u00e1 dispon\u00edvel neste momento devido \u00e0s restri\u00e7\u00f5es de agendamento\/geolocaliza\u00e7\u00e3o! --><br \/>\n<\/br><\/p>\n<p><em>(Fonte: TJMG)<\/em><\/p>\n","protected":false},"excerpt":{"rendered":"<p>Um morador de Rio Vermelho (regi\u00e3o Central de Minas) ser\u00e1 indenizado pelo munic\u00edpio porque foi atingido por um caminh\u00e3o de lixo quando estava sentado em um meio-fio. Ele teve a perna esquerda amputada. O valor da indeniza\u00e7\u00e3o por dano moral foi fixado em R$ 30 mil e ser\u00e1 corrigido monetariamente. De acordo com o processo, [&hellip;]<\/p>\n","protected":false},"author":1,"featured_media":21635,"comment_status":"open","ping_status":"closed","sticky":false,"template":"","format":"standard","meta":{"amp_status":"","footnotes":""},"categories":[123],"tags":[200717,202641,202642,202645,202643,202644,202646,445,92646],"class_list":["post-148936","post","type-post","status-publish","format-standard","has-post-thumbnail","hentry","category-gerais","tag-acidente-em-rio-vermelho","tag-atropelado-em-rio-vermelho","tag-atropelado-por-caminhao-em-rio-vermelho","tag-desembargador-moacyr-lobato","tag-indenizacao-para-atropelado-em-rio-vermelho","tag-indenizacao-por-atropelamento-em-rio-vermelho","tag-municipio-de-rio-vermelho-indeniza-homem-atropelado-em-meio-fio","tag-rio-vermelho","tag-tribunal-de-justica-de-minas-gerais"],"_links":{"self":[{"href":"https:\/\/aconteceunovale.com.br\/portal\/index.php?rest_route=\/wp\/v2\/posts\/148936","targetHints":{"allow":["GET"]}}],"collection":[{"href":"https:\/\/aconteceunovale.com.br\/portal\/index.php?rest_route=\/wp\/v2\/posts"}],"about":[{"href":"https:\/\/aconteceunovale.com.br\/portal\/index.php?rest_route=\/wp\/v2\/types\/post"}],"author":[{"embeddable":true,"href":"https:\/\/aconteceunovale.com.br\/portal\/index.php?rest_route=\/wp\/v2\/users\/1"}],"replies":[{"embeddable":true,"href":"https:\/\/aconteceunovale.com.br\/portal\/index.php?rest_route=%2Fwp%2Fv2%2Fcomments&post=148936"}],"version-history":[{"count":0,"href":"https:\/\/aconteceunovale.com.br\/portal\/index.php?rest_route=\/wp\/v2\/posts\/148936\/revisions"}],"wp:featuredmedia":[{"embeddable":true,"href":"https:\/\/aconteceunovale.com.br\/portal\/index.php?rest_route=\/wp\/v2\/media\/21635"}],"wp:attachment":[{"href":"https:\/\/aconteceunovale.com.br\/portal\/index.php?rest_route=%2Fwp%2Fv2%2Fmedia&parent=148936"}],"wp:term":[{"taxonomy":"category","embeddable":true,"href":"https:\/\/aconteceunovale.com.br\/portal\/index.php?rest_route=%2Fwp%2Fv2%2Fcategories&post=148936"},{"taxonomy":"post_tag","embeddable":true,"href":"https:\/\/aconteceunovale.com.br\/portal\/index.php?rest_route=%2Fwp%2Fv2%2Ftags&post=148936"}],"curies":[{"name":"wp","href":"https:\/\/api.w.org\/{rel}","templated":true}]}}