{"id":148906,"date":"2019-05-25T22:34:41","date_gmt":"2019-05-26T00:34:41","guid":{"rendered":"http:\/\/aconteceunovale.com.br\/portal\/?p=148906"},"modified":"2019-05-25T22:34:41","modified_gmt":"2019-05-26T00:34:41","slug":"policia-recupera-carga-de-50-mil-quilos-de-sal-em-frei-inocencio-no-leste-de-minas","status":"publish","type":"post","link":"https:\/\/aconteceunovale.com.br\/portal\/?p=148906","title":{"rendered":"Pol\u00edcia recupera carga de 50 mil quilos de sal em Frei Inoc\u00eancio, no Leste de Minas"},"content":{"rendered":"<p>Um homem foi preso e 50 mil quilos de sal recuperados em um galp\u00e3o na cidade de Frei Inoc\u00eancio, no Leste de Minas, na tarde de sexta-feira (24\/05\/2019). Segundo informa\u00e7\u00f5es da Pol\u00edcia Militar, o propriet\u00e1rio da carga teria sido v\u00edtima de estelionato. Ele \u00e9 empres\u00e1rio na cidade de Mossor\u00f3\/RN e havia vendido o material para uma empresa de Campan\u00e1rio.<br \/>\n<center><br \/>\n<!-- Erro, o An\u00fancio n\u00e3o est\u00e1 dispon\u00edvel neste momento devido \u00e0s restri\u00e7\u00f5es de agendamento\/geolocaliza\u00e7\u00e3o! --><br \/>\n<\/br><br \/>\n<\/center><br \/>\nNo entanto, a entrega n\u00e3o chegou ao destino e a v\u00edtima entrou em contato com o motorista da carreta, que relatou que o suposto comprador havia orientado a descarregar o material em um dep\u00f3sito na cidade de Frei Inoc\u00eancio.<\/p>\n<p>A v\u00edtima esteve no local da entrega, visualizou parte da carga dentro do galp\u00e3o e acionou a pol\u00edcia. O dep\u00f3sito estava fechado, sem nenhuma identifica\u00e7\u00e3o e aparentemente era um local abandonado.<\/p>\n<p>O suposto propriet\u00e1rio do galp\u00e3o esteve no local e apresentou uma nota fiscal de uma empresa de Campan\u00e1rio, por\u00e9m, os militares ficaram sabendo que o estabelecimento da nota fechou h\u00e1 algum tempo. Em seguida, o homem entrou em contradi\u00e7\u00e3o, informando que na verdade, comprou a carga na m\u00e3o de um indiv\u00edduo que foi assassinado nos \u00faltimos dias no Bairro Santa Paula, em Governador Valadares.<\/p>\n<p>Segundo a Pol\u00edcia Militar, o delegado da cidade de Itambacuri informou que existem investiga\u00e7\u00f5es devido a ocorr\u00eancia constante de crimes da mesma natureza na regi\u00e3o, onde empresas de fachada s\u00e3o montadas visando lucros de forma il\u00edcita. Os suspeitos realizam compras em nome de um laranja.<\/p>\n<p>O homem preso foi encaminhado \u00e0 Delegacia de Pol\u00edcia Civil de Governador Valadares. A carga ser\u00e1 restitu\u00edda ao verdadeiro propriet\u00e1rio. <\/p>\n<p><img decoding=\"async\" src=\"http:\/\/aconteceunovale.com.br\/portal\/wp-content\/uploads\/2019\/05\/carga_sal_frei_1.jpg\" alt=\"\" \/><em>Foto: Divulga\u00e7\u00e3o\/Pol\u00edcia Militar<\/em><br \/>\n<\/br><\/p>\n<p><img decoding=\"async\" src=\"http:\/\/aconteceunovale.com.br\/portal\/wp-content\/uploads\/2019\/05\/carga_sal_frei_2.jpg\" alt=\"\" \/><em>Foto: Divulga\u00e7\u00e3o\/Pol\u00edcia Militar<\/em><br \/>\n<\/br><br \/>\n<em>Leandro Silva | Aconteceu no Vale<br \/>\nPublicado em: 25\/05\/2019, \u00e0s 21h32<\/em><\/p>\n<p><strong>VER PRIMEIRO<\/strong><\/p>\n<p>Receba as not\u00edcias do Aconteceu no Vale em primeira m\u00e3o. Clique em curtir no endere\u00e7o <a href=\"https:\/\/www.facebook.com\/aconteceunovale\" target=\"_blank\"><font color=\"red\">www.facebook.com\/aconteceunovale<\/font><\/a> ou no box abaixo:<\/p>\n<div class=\"fb-like\" data-href=\"https:\/\/www.facebook.com\/aconteceunovale\" data-width=\"120\" data-layout=\"standard\" data-action=\"like\" data-size=\"small\" data-show-faces=\"true\" data-share=\"true\"><\/div>\n<p><!-- Erro, o An\u00fancio n\u00e3o est\u00e1 dispon\u00edvel neste momento devido \u00e0s restri\u00e7\u00f5es de agendamento\/geolocaliza\u00e7\u00e3o! --><br \/>\n<\/br><\/p>\n","protected":false},"excerpt":{"rendered":"<p>Um homem foi preso e 50 mil quilos de sal recuperados em um galp\u00e3o na cidade de Frei Inoc\u00eancio, no Leste de Minas, na tarde de sexta-feira (24\/05\/2019). Segundo informa\u00e7\u00f5es da Pol\u00edcia Militar, o propriet\u00e1rio da carga teria sido v\u00edtima de estelionato. Ele \u00e9 empres\u00e1rio na cidade de Mossor\u00f3\/RN e havia vendido o material para [&hellip;]<\/p>\n","protected":false},"author":1,"featured_media":148907,"comment_status":"open","ping_status":"closed","sticky":false,"template":"","format":"standard","meta":{"amp_status":"","footnotes":""},"categories":[121],"tags":[277,202587,290,247,81527,202585,202586],"class_list":["post-148906","post","type-post","status-publish","format-standard","has-post-thumbnail","hentry","category-leste","tag-campanario","tag-carga-de-sal-apreendida-em-frei-inocencio","tag-frei-inocencio","tag-governador-valadares","tag-mossoro","tag-policia-recupera-carga-de-50-mil-quilos-de-sal-em-frei-inocencio","tag-policia-recupera-carga-de-50-mil-quilos-de-sal-em-frei-inocencio-no-leste-de-minas"],"_links":{"self":[{"href":"https:\/\/aconteceunovale.com.br\/portal\/index.php?rest_route=\/wp\/v2\/posts\/148906","targetHints":{"allow":["GET"]}}],"collection":[{"href":"https:\/\/aconteceunovale.com.br\/portal\/index.php?rest_route=\/wp\/v2\/posts"}],"about":[{"href":"https:\/\/aconteceunovale.com.br\/portal\/index.php?rest_route=\/wp\/v2\/types\/post"}],"author":[{"embeddable":true,"href":"https:\/\/aconteceunovale.com.br\/portal\/index.php?rest_route=\/wp\/v2\/users\/1"}],"replies":[{"embeddable":true,"href":"https:\/\/aconteceunovale.com.br\/portal\/index.php?rest_route=%2Fwp%2Fv2%2Fcomments&post=148906"}],"version-history":[{"count":0,"href":"https:\/\/aconteceunovale.com.br\/portal\/index.php?rest_route=\/wp\/v2\/posts\/148906\/revisions"}],"wp:featuredmedia":[{"embeddable":true,"href":"https:\/\/aconteceunovale.com.br\/portal\/index.php?rest_route=\/wp\/v2\/media\/148907"}],"wp:attachment":[{"href":"https:\/\/aconteceunovale.com.br\/portal\/index.php?rest_route=%2Fwp%2Fv2%2Fmedia&parent=148906"}],"wp:term":[{"taxonomy":"category","embeddable":true,"href":"https:\/\/aconteceunovale.com.br\/portal\/index.php?rest_route=%2Fwp%2Fv2%2Fcategories&post=148906"},{"taxonomy":"post_tag","embeddable":true,"href":"https:\/\/aconteceunovale.com.br\/portal\/index.php?rest_route=%2Fwp%2Fv2%2Ftags&post=148906"}],"curies":[{"name":"wp","href":"https:\/\/api.w.org\/{rel}","templated":true}]}}