{"id":148902,"date":"2019-05-25T22:10:45","date_gmt":"2019-05-26T00:10:45","guid":{"rendered":"http:\/\/aconteceunovale.com.br\/portal\/?p=148902"},"modified":"2019-05-25T22:10:45","modified_gmt":"2019-05-26T00:10:45","slug":"homem-e-assassinado-em-pedra-azul-no-vale-do-jequitinhonha","status":"publish","type":"post","link":"https:\/\/aconteceunovale.com.br\/portal\/?p=148902","title":{"rendered":"Homem \u00e9 assassinado em Pedra Azul, no Vale do Jequitinhonha"},"content":{"rendered":"<p>Um homem de 33 anos foi assassinado em Pedra Azul, no Vale do Jequitinhonha, por volta das 21h de sexta-feira (24\/05\/2019). Segundo informa\u00e7\u00f5es da Pol\u00edcia Militar, a execu\u00e7\u00e3o ocorreu em um ponto de venda de drogas no Bairro Concei\u00e7\u00e3o. Tr\u00eas suspeitos, sendo dois portando rev\u00f3lveres e um com arma longa, foram vistos momentos antes do crime em um campo de futebol e s\u00e3o os principais suspeitos.<br \/>\n<center><br \/>\n<!-- Erro, o An\u00fancio n\u00e3o est\u00e1 dispon\u00edvel neste momento devido \u00e0s restri\u00e7\u00f5es de agendamento\/geolocaliza\u00e7\u00e3o! --><br \/>\n<\/br><br \/>\n<\/center><br \/>\nO Servi\u00e7o de Atendimento M\u00f3vel de Urg\u00eancia (SAMU) foi acionado e confirmou o \u00f3bito de Daniel Pereira. A Per\u00edcia da Pol\u00edcia Civil esteve no local e constatou que o homem foi morto com um tiro na cabe\u00e7a. Foram observados tamb\u00e9m ferimentos nos bra\u00e7os da v\u00edtima causados por chumbos, possivelmente disparados por uma espingarda do tipo chumbeira.<\/p>\n<p>Os suspeitos, sendo um deles menor de idade, fugiram por um matagal. A PM realiza rastreamentos para localizar os envolvidos. O corpo da v\u00edtima foi encaminhado ao Instituto M\u00e9dico Legal (IML).<\/p>\n<p><em>Leandro Silva | Aconteceu no Vale<br \/>\nPublicado em: 25\/05\/2019, \u00e0s 21h10<\/em><\/p>\n<p><strong>VER PRIMEIRO<\/strong><\/p>\n<p>Receba as not\u00edcias do Aconteceu no Vale em primeira m\u00e3o. Clique em curtir no endere\u00e7o <a href=\"https:\/\/www.facebook.com\/aconteceunovale\" target=\"_blank\"><font color=\"red\">www.facebook.com\/aconteceunovale<\/font><\/a> ou no box abaixo:<\/p>\n<div class=\"fb-like\" data-href=\"https:\/\/www.facebook.com\/aconteceunovale\" data-width=\"120\" data-layout=\"standard\" data-action=\"like\" data-size=\"small\" data-show-faces=\"true\" data-share=\"true\"><\/div>\n<p><!-- Erro, o An\u00fancio n\u00e3o est\u00e1 dispon\u00edvel neste momento devido \u00e0s restri\u00e7\u00f5es de agendamento\/geolocaliza\u00e7\u00e3o! --><br \/>\n<\/br><\/p>\n","protected":false},"excerpt":{"rendered":"<p>Um homem de 33 anos foi assassinado em Pedra Azul, no Vale do Jequitinhonha, por volta das 21h de sexta-feira (24\/05\/2019). Segundo informa\u00e7\u00f5es da Pol\u00edcia Militar, a execu\u00e7\u00e3o ocorreu em um ponto de venda de drogas no Bairro Concei\u00e7\u00e3o. Tr\u00eas suspeitos, sendo dois portando rev\u00f3lveres e um com arma longa, foram vistos momentos antes do [&hellip;]<\/p>\n","protected":false},"author":1,"featured_media":71442,"comment_status":"open","ping_status":"closed","sticky":false,"template":"","format":"standard","meta":{"amp_status":"","footnotes":""},"categories":[120],"tags":[56219,27561,202582,202583,202584,32951,32953,56218,455],"class_list":["post-148902","post","type-post","status-publish","format-standard","has-post-thumbnail","hentry","category-jequi","tag-assassinado-em-pedra-azul","tag-daniel-pereira","tag-homem-e-assassinado-em-pedra-azul","tag-homem-e-assassinado-em-pedra-azul-no-vale-do-jequitinhonha","tag-homem-morto-em-pedra-azul","tag-homicidio-em-pedra-azul","tag-morte-em-pedra-azul","tag-morto-em-pedra-azul","tag-pedra-azul"],"_links":{"self":[{"href":"https:\/\/aconteceunovale.com.br\/portal\/index.php?rest_route=\/wp\/v2\/posts\/148902","targetHints":{"allow":["GET"]}}],"collection":[{"href":"https:\/\/aconteceunovale.com.br\/portal\/index.php?rest_route=\/wp\/v2\/posts"}],"about":[{"href":"https:\/\/aconteceunovale.com.br\/portal\/index.php?rest_route=\/wp\/v2\/types\/post"}],"author":[{"embeddable":true,"href":"https:\/\/aconteceunovale.com.br\/portal\/index.php?rest_route=\/wp\/v2\/users\/1"}],"replies":[{"embeddable":true,"href":"https:\/\/aconteceunovale.com.br\/portal\/index.php?rest_route=%2Fwp%2Fv2%2Fcomments&post=148902"}],"version-history":[{"count":0,"href":"https:\/\/aconteceunovale.com.br\/portal\/index.php?rest_route=\/wp\/v2\/posts\/148902\/revisions"}],"wp:featuredmedia":[{"embeddable":true,"href":"https:\/\/aconteceunovale.com.br\/portal\/index.php?rest_route=\/wp\/v2\/media\/71442"}],"wp:attachment":[{"href":"https:\/\/aconteceunovale.com.br\/portal\/index.php?rest_route=%2Fwp%2Fv2%2Fmedia&parent=148902"}],"wp:term":[{"taxonomy":"category","embeddable":true,"href":"https:\/\/aconteceunovale.com.br\/portal\/index.php?rest_route=%2Fwp%2Fv2%2Fcategories&post=148902"},{"taxonomy":"post_tag","embeddable":true,"href":"https:\/\/aconteceunovale.com.br\/portal\/index.php?rest_route=%2Fwp%2Fv2%2Ftags&post=148902"}],"curies":[{"name":"wp","href":"https:\/\/api.w.org\/{rel}","templated":true}]}}