{"id":148899,"date":"2019-05-25T22:01:35","date_gmt":"2019-05-26T00:01:35","guid":{"rendered":"http:\/\/aconteceunovale.com.br\/portal\/?p=148899"},"modified":"2019-05-25T22:01:35","modified_gmt":"2019-05-26T00:01:35","slug":"briga-em-bar-termina-com-homem-morto-a-tiros-no-municipio-de-governador-valadares","status":"publish","type":"post","link":"https:\/\/aconteceunovale.com.br\/portal\/?p=148899","title":{"rendered":"Briga em bar termina com homem morto a tiros no munic\u00edpio de Governador Valadares"},"content":{"rendered":"<p>Luiz Carlos Martins, de 31 anos, foi assassinado na zona rural de Governador Valadares, no Vale do Rio Doce, na madrugada deste s\u00e1bado (25\/05\/2019). A v\u00edtima e um primo estavam em um bar em Concei\u00e7\u00e3o das Tronqueiras, no munic\u00edpio de Coroaci, momento que houve um desentendimento com outros dois homens no interior do estabelecimento.<br \/>\n<center><br \/>\n<!-- Erro, o An\u00fancio n\u00e3o est\u00e1 dispon\u00edvel neste momento devido \u00e0s restri\u00e7\u00f5es de agendamento\/geolocaliza\u00e7\u00e3o! --><br \/>\n<\/br><br \/>\n<\/center><br \/>\nA v\u00edtima e o primo, ap\u00f3s a briga, sa\u00edram do local, mas foram perseguidos pelos suspeitos em uma caminhonete. Durante a persegui\u00e7\u00e3o, j\u00e1 no C\u00f3rrego dos Domingos, na zona rural de Governador Valadares, o passageiro do ve\u00edculo sacou uma arma de fogo e atirou duas vezes contra Luiz, que foi alvejado no t\u00f3rax e abd\u00f4men. <\/p>\n<p>Luiz Carlos ainda foi socorrido com vida, mas n\u00e3o resistiu aos ferimentos e veio a \u00f3bito antes de dar entrada no Hospital Municipal de Governador Valadares. O corpo foi encaminhado ao IML.<\/p>\n<p>Os suspeitos do crime n\u00e3o foram localizados at\u00e9 o momento. Equipes da Pol\u00edcia Militar e Pol\u00edcia Civil trabalham para elucidar o crime. <\/p>\n<p><img decoding=\"async\" src=\"http:\/\/aconteceunovale.com.br\/portal\/wp-content\/uploads\/2019\/05\/morto_gv.jpg\" alt=\"\" \/><em>Foto: Reprodu\u00e7\u00e3o<\/em><br \/>\n<\/br><br \/>\n<em>Leandro Silva | Aconteceu no Vale<br \/>\nPublicado em: 25\/05\/2019, \u00e0s 21h01<\/em><\/p>\n<p><strong>VER PRIMEIRO<\/strong><\/p>\n<p>Receba as not\u00edcias do Aconteceu no Vale em primeira m\u00e3o. Clique em curtir no endere\u00e7o <a href=\"https:\/\/www.facebook.com\/aconteceunovale\" target=\"_blank\"><font color=\"red\">www.facebook.com\/aconteceunovale<\/font><\/a> ou no box abaixo:<\/p>\n<div class=\"fb-like\" data-href=\"https:\/\/www.facebook.com\/aconteceunovale\" data-width=\"120\" data-layout=\"standard\" data-action=\"like\" data-size=\"small\" data-show-faces=\"true\" data-share=\"true\"><\/div>\n<p><!-- Erro, o An\u00fancio n\u00e3o est\u00e1 dispon\u00edvel neste momento devido \u00e0s restri\u00e7\u00f5es de agendamento\/geolocaliza\u00e7\u00e3o! --><br \/>\n<\/br><\/p>\n","protected":false},"excerpt":{"rendered":"<p>Luiz Carlos Martins, de 31 anos, foi assassinado na zona rural de Governador Valadares, no Vale do Rio Doce, na madrugada deste s\u00e1bado (25\/05\/2019). A v\u00edtima e um primo estavam em um bar em Concei\u00e7\u00e3o das Tronqueiras, no munic\u00edpio de Coroaci, momento que houve um desentendimento com outros dois homens no interior do estabelecimento. A [&hellip;]<\/p>\n","protected":false},"author":1,"featured_media":148900,"comment_status":"open","ping_status":"closed","sticky":false,"template":"","format":"standard","meta":{"amp_status":"","footnotes":""},"categories":[121],"tags":[44655,202580,283,247,199576,142792,8180,202581,32916],"class_list":["post-148899","post","type-post","status-publish","format-standard","has-post-thumbnail","hentry","category-leste","tag-assassinado-em-governador-valadares","tag-briga-em-bar-termina-com-homem-morto-a-tiros-no-municipio-de-governador-valadares","tag-coroaci","tag-governador-valadares","tag-homem-assassinado-em-governador-valadares","tag-homem-morto-em-governador-valadares","tag-homicidio-em-governador-valadares","tag-luiz-carlos-martins","tag-morte-em-governador-valadares"],"_links":{"self":[{"href":"https:\/\/aconteceunovale.com.br\/portal\/index.php?rest_route=\/wp\/v2\/posts\/148899","targetHints":{"allow":["GET"]}}],"collection":[{"href":"https:\/\/aconteceunovale.com.br\/portal\/index.php?rest_route=\/wp\/v2\/posts"}],"about":[{"href":"https:\/\/aconteceunovale.com.br\/portal\/index.php?rest_route=\/wp\/v2\/types\/post"}],"author":[{"embeddable":true,"href":"https:\/\/aconteceunovale.com.br\/portal\/index.php?rest_route=\/wp\/v2\/users\/1"}],"replies":[{"embeddable":true,"href":"https:\/\/aconteceunovale.com.br\/portal\/index.php?rest_route=%2Fwp%2Fv2%2Fcomments&post=148899"}],"version-history":[{"count":0,"href":"https:\/\/aconteceunovale.com.br\/portal\/index.php?rest_route=\/wp\/v2\/posts\/148899\/revisions"}],"wp:featuredmedia":[{"embeddable":true,"href":"https:\/\/aconteceunovale.com.br\/portal\/index.php?rest_route=\/wp\/v2\/media\/148900"}],"wp:attachment":[{"href":"https:\/\/aconteceunovale.com.br\/portal\/index.php?rest_route=%2Fwp%2Fv2%2Fmedia&parent=148899"}],"wp:term":[{"taxonomy":"category","embeddable":true,"href":"https:\/\/aconteceunovale.com.br\/portal\/index.php?rest_route=%2Fwp%2Fv2%2Fcategories&post=148899"},{"taxonomy":"post_tag","embeddable":true,"href":"https:\/\/aconteceunovale.com.br\/portal\/index.php?rest_route=%2Fwp%2Fv2%2Ftags&post=148899"}],"curies":[{"name":"wp","href":"https:\/\/api.w.org\/{rel}","templated":true}]}}