{"id":148897,"date":"2019-05-25T21:48:35","date_gmt":"2019-05-25T23:48:35","guid":{"rendered":"http:\/\/aconteceunovale.com.br\/portal\/?p=148897"},"modified":"2019-05-25T21:48:35","modified_gmt":"2019-05-25T23:48:35","slug":"quatro-pessoas-sao-detidas-apos-homicidio-em-bandeira-no-vale-do-jequitinhonha","status":"publish","type":"post","link":"https:\/\/aconteceunovale.com.br\/portal\/?p=148897","title":{"rendered":"Quatro pessoas s\u00e3o detidas ap\u00f3s homic\u00eddio em Bandeira, no Vale do Jequitinhonha"},"content":{"rendered":"<p>Quatro pessoas foram detidas suspeitas de envolvimento no assassinato de Gleison Ribeiro dos Santos, de 20 anos, na noite de sexta-feira (24\/05\/2019), em Bandeira. Segundo informa\u00e7\u00f5es da Pol\u00edcia Militar, a v\u00edtima morava h\u00e1 pouco tempo na cidade e havia feito amizade com os suspeitos do crime. Na noite desta ontem, o rapaz havia sa\u00eddo de casa para encontrar com os envolvidos ap\u00f3s troca de mensagens atrav\u00e9s de um aplicativo sobre uma arma de fogo.<br \/>\n<center><br \/>\n<!-- Erro, o An\u00fancio n\u00e3o est\u00e1 dispon\u00edvel neste momento devido \u00e0s restri\u00e7\u00f5es de agendamento\/geolocaliza\u00e7\u00e3o! --><br \/>\n<\/br><br \/>\n<\/center><br \/>\nAp\u00f3s conversar com a esposa da v\u00edtima, os militares foram informados que Gleison e outro rapaz haviam furtado um rev\u00f3lver calibre 32 e, possivelmente, realizariam a venda da arma. A mulher afirmou aos militares que, por conhecer os envolvidos, ainda pediu que o companheiro n\u00e3o sa\u00edsse de casa.<\/p>\n<p>O corpo de Gleison foi encontrado na zona rural do munic\u00edpio, pr\u00f3ximo a uma esta\u00e7\u00e3o de tratamento de \u00e1gua. A v\u00edtima estaria montando um ponto de venda de drogas no Bairro Colina e, por este motivo, estaria sendo amea\u00e7ado de morte.<\/p>\n<p>A pol\u00edcia realizou buscas e apreendeu um adolescente de 16 anos e outros tr\u00eas maiores, de idade entre 19 e 25 anos. Eles foram levados para a Delegacia de Pol\u00edcia de Almenara para prestarem depoimentos.<\/p>\n<p>O corpo da v\u00edtima foi encaminhado ao Instituto M\u00e9dico Legal (IML) de Pedra Azul.<\/p>\n<p><em>Leandro Silva | Aconteceu no Vale<br \/>\nPublicado em: 25\/05\/2019, \u00e0s 20h48<\/em><\/p>\n<p><strong>VER PRIMEIRO<\/strong><\/p>\n<p>Receba as not\u00edcias do Aconteceu no Vale em primeira m\u00e3o. Clique em curtir no endere\u00e7o <a href=\"https:\/\/www.facebook.com\/aconteceunovale\" target=\"_blank\"><font color=\"red\">www.facebook.com\/aconteceunovale<\/font><\/a> ou no box abaixo:<\/p>\n<div class=\"fb-like\" data-href=\"https:\/\/www.facebook.com\/aconteceunovale\" data-width=\"120\" data-layout=\"standard\" data-action=\"like\" data-size=\"small\" data-show-faces=\"true\" data-share=\"true\"><\/div>\n<p><!-- Erro, o An\u00fancio n\u00e3o est\u00e1 dispon\u00edvel neste momento devido \u00e0s restri\u00e7\u00f5es de agendamento\/geolocaliza\u00e7\u00e3o! --><br \/>\n<\/br><\/p>\n","protected":false},"excerpt":{"rendered":"<p>Quatro pessoas foram detidas suspeitas de envolvimento no assassinato de Gleison Ribeiro dos Santos, de 20 anos, na noite de sexta-feira (24\/05\/2019), em Bandeira. Segundo informa\u00e7\u00f5es da Pol\u00edcia Militar, a v\u00edtima morava h\u00e1 pouco tempo na cidade e havia feito amizade com os suspeitos do crime. Na noite desta ontem, o rapaz havia sa\u00eddo de [&hellip;]<\/p>\n","protected":false},"author":1,"featured_media":71442,"comment_status":"open","ping_status":"closed","sticky":false,"template":"","format":"standard","meta":{"amp_status":"","footnotes":""},"categories":[120],"tags":[353,202579,133957,202577,541,202578,202575,202576],"class_list":["post-148897","post","type-post","status-publish","format-standard","has-post-thumbnail","hentry","category-jequi","tag-bandeira","tag-gleison-ribeiro-dos-santos","tag-homicidio-em-bandeira","tag-mortos-em-bandeira","tag-no-vale-do-jequitinhonha","tag-quatro-pessoas-sao-detidas-apos-homicidio-em-bandeira","tag-suspeitos-de-homicidio-sao-detidos-em-bandeira","tag-suspeitos-de-homicidio-sao-detidos-em-bandeira-no-vale-do-jequitinhonha"],"_links":{"self":[{"href":"https:\/\/aconteceunovale.com.br\/portal\/index.php?rest_route=\/wp\/v2\/posts\/148897","targetHints":{"allow":["GET"]}}],"collection":[{"href":"https:\/\/aconteceunovale.com.br\/portal\/index.php?rest_route=\/wp\/v2\/posts"}],"about":[{"href":"https:\/\/aconteceunovale.com.br\/portal\/index.php?rest_route=\/wp\/v2\/types\/post"}],"author":[{"embeddable":true,"href":"https:\/\/aconteceunovale.com.br\/portal\/index.php?rest_route=\/wp\/v2\/users\/1"}],"replies":[{"embeddable":true,"href":"https:\/\/aconteceunovale.com.br\/portal\/index.php?rest_route=%2Fwp%2Fv2%2Fcomments&post=148897"}],"version-history":[{"count":0,"href":"https:\/\/aconteceunovale.com.br\/portal\/index.php?rest_route=\/wp\/v2\/posts\/148897\/revisions"}],"wp:featuredmedia":[{"embeddable":true,"href":"https:\/\/aconteceunovale.com.br\/portal\/index.php?rest_route=\/wp\/v2\/media\/71442"}],"wp:attachment":[{"href":"https:\/\/aconteceunovale.com.br\/portal\/index.php?rest_route=%2Fwp%2Fv2%2Fmedia&parent=148897"}],"wp:term":[{"taxonomy":"category","embeddable":true,"href":"https:\/\/aconteceunovale.com.br\/portal\/index.php?rest_route=%2Fwp%2Fv2%2Fcategories&post=148897"},{"taxonomy":"post_tag","embeddable":true,"href":"https:\/\/aconteceunovale.com.br\/portal\/index.php?rest_route=%2Fwp%2Fv2%2Ftags&post=148897"}],"curies":[{"name":"wp","href":"https:\/\/api.w.org\/{rel}","templated":true}]}}