{"id":148733,"date":"2019-05-20T17:42:42","date_gmt":"2019-05-20T19:42:42","guid":{"rendered":"http:\/\/aconteceunovale.com.br\/portal\/?p=148733"},"modified":"2019-05-20T17:42:42","modified_gmt":"2019-05-20T19:42:42","slug":"quadrilha-e-presa-por-arrombamentos-e-furtos-em-lojas-de-teofilo-otoni","status":"publish","type":"post","link":"https:\/\/aconteceunovale.com.br\/portal\/?p=148733","title":{"rendered":"Quadrilha \u00e9 presa por arrombamentos e furtos em lojas de Te\u00f3filo Otoni"},"content":{"rendered":"<p>Sete pessoas foram presas e um menor apreendido ap\u00f3s mais um arrombamento a loja no Centro de Te\u00f3filo Otoni, no Vale do Mucuri. Este \u00e9 o terceiro caso em uma semana, sendo que o registrado na madrugada de domingo foi na Lojas Americanas, na Pra\u00e7a Tiradentes.<br \/>\n<center><br \/>\n<!-- Erro, o An\u00fancio n\u00e3o est\u00e1 dispon\u00edvel neste momento devido \u00e0s restri\u00e7\u00f5es de agendamento\/geolocaliza\u00e7\u00e3o! --><br \/>\n<\/br><br \/>\n<\/center><br \/>\nOs suspeitos desta vez furtaram duas televis\u00f5es, de 28 e 55 polegadas, e uma caixa de som amplificada. Equipes da Pol\u00edcia Militar estiveram no local e, ap\u00f3s an\u00e1lise de imagens do circuito de seguran\u00e7a da loja, reconheceram alguns dos suspeitos, que j\u00e1 possuem passagens pelos meios policiais por crimes diversos.<\/p>\n<p>Equipes da PM realizaram buscas e encontraram dois suspeitos no bairro Cidade Alta. Os homens levaram os militares at\u00e9 uma trilha que d\u00e1 acesso ao alto da Copasa, onde localizaram a TV 55 polegadas e a caixa de som.<\/p>\n<p>Um terceiro suspeito foi encontrado e contou aos militares que a outra televis\u00e3o estava escondida em uma casa abandonada no morro do Cemit\u00e9rio.<\/p>\n<p>Durante a ocorr\u00eancia, no celular de um dos suspeitos, chegaram mensagens sobre encomendas de produtos. Os militares foram at\u00e9 os receptadores e, com eles, encontraram diversos materiais que provavelmente s\u00e3o produtos dos furtos ocorridos durante a semana em outras duas lojas de eletroeletr\u00f4nicos no Centro de Te\u00f3filo Otoni.<\/p>\n<p>Outros dois suspeitos foram localizados em uma pousada, onde realizavam a venda dos produtos furtados. Com eles ainda foram apreendidos R$ 1700 de origem duvidosa.<\/p>\n<p>Os envolvidos foram detidos por forma\u00e7\u00e3o de quadrilha, furto e recepta\u00e7\u00e3o, e encaminhados \u00e0 Delegacia de Pol\u00edcia Civil de Te\u00f3filo Otoni juntamente com os materiais apreendidos.<\/p>\n<p><img decoding=\"async\" src=\"http:\/\/aconteceunovale.com.br\/portal\/wp-content\/uploads\/2019\/05\/roubos_teo.jpg\" alt=\"\" \/><em>Foto: Divulga\u00e7\u00e3o\/Pol\u00edcia Militar<\/em><br \/>\n<\/br><br \/>\n<em>Leandro Silva | Aconteceu no Vale<br \/>\nPublicado em: 20\/05\/2019, \u00e0s 16h41<\/em><\/p>\n<p><strong>VER PRIMEIRO<\/strong><\/p>\n<p>Receba as not\u00edcias do Aconteceu no Vale em primeira m\u00e3o. Clique em curtir no endere\u00e7o <a href=\"https:\/\/www.facebook.com\/aconteceunovale\" target=\"_blank\"><font color=\"red\">www.facebook.com\/aconteceunovale<\/font><\/a> ou no box abaixo:<\/p>\n<div class=\"fb-like\" data-href=\"https:\/\/www.facebook.com\/aconteceunovale\" data-width=\"120\" data-layout=\"standard\" data-action=\"like\" data-size=\"small\" data-show-faces=\"true\" data-share=\"true\"><\/div>\n<p><!-- Erro, o An\u00fancio n\u00e3o est\u00e1 dispon\u00edvel neste momento devido \u00e0s restri\u00e7\u00f5es de agendamento\/geolocaliza\u00e7\u00e3o! --><br \/>\n<\/br><\/p>\n","protected":false},"excerpt":{"rendered":"<p>Sete pessoas foram presas e um menor apreendido ap\u00f3s mais um arrombamento a loja no Centro de Te\u00f3filo Otoni, no Vale do Mucuri. Este \u00e9 o terceiro caso em uma semana, sendo que o registrado na madrugada de domingo foi na Lojas Americanas, na Pra\u00e7a Tiradentes. Os suspeitos desta vez furtaram duas televis\u00f5es, de 28 [&hellip;]<\/p>\n","protected":false},"author":1,"featured_media":148734,"comment_status":"open","ping_status":"closed","sticky":false,"template":"","format":"standard","meta":{"amp_status":"","footnotes":""},"categories":[122],"tags":[202260,202258,202261,44452,202262,202263,202257,202259,55918,164],"class_list":["post-148733","post","type-post","status-publish","format-standard","has-post-thumbnail","hentry","category-mucuri","tag-arrombamentos-em-lojas-de-teofilo-otoni","tag-arrombamentos-em-teofilo-otoni","tag-furtos-em-teofilo-otoni","tag-presos-em-teofilo-otoni","tag-presos-por-roubos-em-teofilo-otoni","tag-quadrilha-e-presa-por-arrombamentos-e-furtos-em-lojas-de-teofilo-otoni","tag-quadrilha-e-presa-suspeita-de-arrombamentos-e-furtos-em-lojas-de-teofilo-otoni","tag-roubo-em-lojas-de-teofilo-otoni","tag-roubos-em-teofilo-otoni","tag-teofilo-otoni"],"_links":{"self":[{"href":"https:\/\/aconteceunovale.com.br\/portal\/index.php?rest_route=\/wp\/v2\/posts\/148733","targetHints":{"allow":["GET"]}}],"collection":[{"href":"https:\/\/aconteceunovale.com.br\/portal\/index.php?rest_route=\/wp\/v2\/posts"}],"about":[{"href":"https:\/\/aconteceunovale.com.br\/portal\/index.php?rest_route=\/wp\/v2\/types\/post"}],"author":[{"embeddable":true,"href":"https:\/\/aconteceunovale.com.br\/portal\/index.php?rest_route=\/wp\/v2\/users\/1"}],"replies":[{"embeddable":true,"href":"https:\/\/aconteceunovale.com.br\/portal\/index.php?rest_route=%2Fwp%2Fv2%2Fcomments&post=148733"}],"version-history":[{"count":0,"href":"https:\/\/aconteceunovale.com.br\/portal\/index.php?rest_route=\/wp\/v2\/posts\/148733\/revisions"}],"wp:featuredmedia":[{"embeddable":true,"href":"https:\/\/aconteceunovale.com.br\/portal\/index.php?rest_route=\/wp\/v2\/media\/148734"}],"wp:attachment":[{"href":"https:\/\/aconteceunovale.com.br\/portal\/index.php?rest_route=%2Fwp%2Fv2%2Fmedia&parent=148733"}],"wp:term":[{"taxonomy":"category","embeddable":true,"href":"https:\/\/aconteceunovale.com.br\/portal\/index.php?rest_route=%2Fwp%2Fv2%2Fcategories&post=148733"},{"taxonomy":"post_tag","embeddable":true,"href":"https:\/\/aconteceunovale.com.br\/portal\/index.php?rest_route=%2Fwp%2Fv2%2Ftags&post=148733"}],"curies":[{"name":"wp","href":"https:\/\/api.w.org\/{rel}","templated":true}]}}