{"id":148730,"date":"2019-05-20T17:00:41","date_gmt":"2019-05-20T19:00:41","guid":{"rendered":"http:\/\/aconteceunovale.com.br\/portal\/?p=148730"},"modified":"2019-05-20T17:00:41","modified_gmt":"2019-05-20T19:00:41","slug":"mulher-e-flagrada-tentando-entrar-com-celulares-e-fumo-nas-partes-intimas-em-presidio-de-governador-valadares","status":"publish","type":"post","link":"https:\/\/aconteceunovale.com.br\/portal\/?p=148730","title":{"rendered":"Mulher \u00e9 flagrada tentando entrar com celulares e fumo nas partes \u00edntimas em pres\u00eddio de Governador Valadares"},"content":{"rendered":"<p>Uma mulher de 27 anos foi presa ao tentar entrar com celulares no Pres\u00eddio de Governador Valadares, no Leste de Minas, na manh\u00e3 de domingo (19\/05\/2019). Era momento de visita aos presos e, durante a revista, o detector de metais acusou a presen\u00e7a de algum material nas partes \u00edntimas da suspeita. <\/p>\n<p>A mulher estava com dois telefones celulares, baterias e fumo escondidos no \u00e2nus. Ela foi presa em flagrante e encaminhada \u00e0 Delegacia de Pol\u00edcia de Governador Valadares, juntamente com os materiais apreendidos.<\/p>\n<p><img decoding=\"async\" src=\"http:\/\/aconteceunovale.com.br\/portal\/wp-content\/uploads\/2019\/05\/flagra_gv.jpg\" alt=\"\" \/><em>Foto: Reprodu\u00e7\u00e3o\/Comando Geral<\/em><br \/>\n<\/br><br \/>\n<em>Leandro Silva | Aconteceu no Vale<br \/>\nPublicado em: 20\/05\/2019, \u00e0s 16h00<\/em><\/p>\n<p><strong>VER PRIMEIRO<\/strong><\/p>\n<p>Receba as not\u00edcias do Aconteceu no Vale em primeira m\u00e3o. Clique em curtir no endere\u00e7o <a href=\"https:\/\/www.facebook.com\/aconteceunovale\" target=\"_blank\"><font color=\"red\">www.facebook.com\/aconteceunovale<\/font><\/a> ou no box abaixo:<\/p>\n<div class=\"fb-like\" data-href=\"https:\/\/www.facebook.com\/aconteceunovale\" data-width=\"120\" data-layout=\"standard\" data-action=\"like\" data-size=\"small\" data-show-faces=\"true\" data-share=\"true\"><\/div>\n<p><!-- Erro, o An\u00fancio n\u00e3o est\u00e1 dispon\u00edvel neste momento devido \u00e0s restri\u00e7\u00f5es de agendamento\/geolocaliza\u00e7\u00e3o! --><br \/>\n<\/br><\/p>\n","protected":false},"excerpt":{"rendered":"<p>Uma mulher de 27 anos foi presa ao tentar entrar com celulares no Pres\u00eddio de Governador Valadares, no Leste de Minas, na manh\u00e3 de domingo (19\/05\/2019). Era momento de visita aos presos e, durante a revista, o detector de metais acusou a presen\u00e7a de algum material nas partes \u00edntimas da suspeita. A mulher estava com [&hellip;]<\/p>\n","protected":false},"author":1,"featured_media":148731,"comment_status":"open","ping_status":"closed","sticky":false,"template":"","format":"standard","meta":{"amp_status":"","footnotes":""},"categories":[121],"tags":[202255,202254,247,202252,202256,202253],"class_list":["post-148730","post","type-post","status-publish","format-standard","has-post-thumbnail","hentry","category-leste","tag-celulares-no-presidio-de-governador-valadares","tag-flagra-no-presidio-de-governador-valadares","tag-governador-valadares","tag-mulher-e-flagrada-tentando-entrar-com-celulares-e-fumo-nas-partes-intimas-em-presidio-de-governador-valadares","tag-mulher-presa-no-presidio-de-governador-valadares","tag-presa-no-presidio-de-governador-valadares"],"_links":{"self":[{"href":"https:\/\/aconteceunovale.com.br\/portal\/index.php?rest_route=\/wp\/v2\/posts\/148730","targetHints":{"allow":["GET"]}}],"collection":[{"href":"https:\/\/aconteceunovale.com.br\/portal\/index.php?rest_route=\/wp\/v2\/posts"}],"about":[{"href":"https:\/\/aconteceunovale.com.br\/portal\/index.php?rest_route=\/wp\/v2\/types\/post"}],"author":[{"embeddable":true,"href":"https:\/\/aconteceunovale.com.br\/portal\/index.php?rest_route=\/wp\/v2\/users\/1"}],"replies":[{"embeddable":true,"href":"https:\/\/aconteceunovale.com.br\/portal\/index.php?rest_route=%2Fwp%2Fv2%2Fcomments&post=148730"}],"version-history":[{"count":0,"href":"https:\/\/aconteceunovale.com.br\/portal\/index.php?rest_route=\/wp\/v2\/posts\/148730\/revisions"}],"wp:featuredmedia":[{"embeddable":true,"href":"https:\/\/aconteceunovale.com.br\/portal\/index.php?rest_route=\/wp\/v2\/media\/148731"}],"wp:attachment":[{"href":"https:\/\/aconteceunovale.com.br\/portal\/index.php?rest_route=%2Fwp%2Fv2%2Fmedia&parent=148730"}],"wp:term":[{"taxonomy":"category","embeddable":true,"href":"https:\/\/aconteceunovale.com.br\/portal\/index.php?rest_route=%2Fwp%2Fv2%2Fcategories&post=148730"},{"taxonomy":"post_tag","embeddable":true,"href":"https:\/\/aconteceunovale.com.br\/portal\/index.php?rest_route=%2Fwp%2Fv2%2Ftags&post=148730"}],"curies":[{"name":"wp","href":"https:\/\/api.w.org\/{rel}","templated":true}]}}