{"id":148728,"date":"2019-05-20T16:52:38","date_gmt":"2019-05-20T18:52:38","guid":{"rendered":"http:\/\/aconteceunovale.com.br\/portal\/?p=148728"},"modified":"2019-05-20T16:52:38","modified_gmt":"2019-05-20T18:52:38","slug":"policia-investiga-crime-barbaro-registrado-em-nova-serrana","status":"publish","type":"post","link":"https:\/\/aconteceunovale.com.br\/portal\/?p=148728","title":{"rendered":"Pol\u00edcia investiga crime b\u00e1rbaro registrado em Nova Serrana"},"content":{"rendered":"<p>Uma adolescente de 13 anos foi morta na tarde de quarta-feira (15\/05\/2019) na cidade de Nova Serrana, na regi\u00e3o Central de Minas. Segundo informa\u00e7\u00f5es contidas no Boletim de Ocorr\u00eancias, a v\u00edtima Deizzyna Fabr\u00edcia Linda Brandis era natural de Te\u00f3filo Otoni, no Vale do Mucuri.<br \/>\n<center><br \/>\n<!-- Erro, o An\u00fancio n\u00e3o est\u00e1 dispon\u00edvel neste momento devido \u00e0s restri\u00e7\u00f5es de agendamento\/geolocaliza\u00e7\u00e3o! --><br \/>\n<\/br><br \/>\n<\/center><br \/>\nO crime b\u00e1rbaro foi registrado no Bairro Novo Horizonte. Segundo vizinhos, no in\u00edcio da tarde eles perceberam que o port\u00e3o de entrada do im\u00f3vel estava trancado e o cachorro da fam\u00edlia estava bastante agitado, mas n\u00e3o levantaram suspeitas.<\/p>\n<p>Por volta das 17h, a m\u00e3e da adolescente chegou ao local e encontrou a filha morta, com a cabe\u00e7a dentro de uma banheira de dar banho em beb\u00eas. Uma equipe do Servi\u00e7o de Atendimento M\u00f3vel de Urg\u00eancia (SAMU) esteve no local e ainda tentou reanimar a adolescente, por\u00e9m sem sucesso.<\/p>\n<p>A per\u00edcia da Pol\u00edcia Civil tamb\u00e9m esteve no local e constatou que houve luta corporal no local antes do crime. Foram encontrados objetos ca\u00eddos, al\u00e9m de cabelo da v\u00edtima arrancado do couro cabeludo e les\u00f5es no pesco\u00e7o da adolescente, indicando sinais de esganadura.<\/p>\n<p>Equipes da Delegacia de Homic\u00eddios da cidade realizaram levantamentos e investiga\u00e7\u00f5es e descobriram que o principal suspeito era o pai do padrasto da v\u00edtima.<\/p>\n<p>A pris\u00e3o do homem ocorreu na tarde de sexta-feira (17), quando ele foi prestar depoimento na Delegacia e confessou \u00e0 Pol\u00edcia Civil ter estrangulado e matado a adolescente ap\u00f3s ela se recusar a manter rela\u00e7\u00f5es sexuais com ele.<\/p>\n<p>O homem j\u00e1 tinha um hist\u00f3rico de abusos contra a garota, a irm\u00e3 da adolescente, de 17 anos, e uma enteada. Ele foi encaminhado para o Pres\u00eddio de Nova Serrana.<\/p>\n<p><em>Leandro Silva | Aconteceu no Vale<br \/>\nPublicado em: 20\/05\/2019, \u00e0s 15h50<\/em><\/p>\n<p><strong>VER PRIMEIRO<\/strong><\/p>\n<p>Receba as not\u00edcias do Aconteceu no Vale em primeira m\u00e3o. Clique em curtir no endere\u00e7o <a href=\"https:\/\/www.facebook.com\/aconteceunovale\" target=\"_blank\"><font color=\"red\">www.facebook.com\/aconteceunovale<\/font><\/a> ou no box abaixo:<\/p>\n<div class=\"fb-like\" data-href=\"https:\/\/www.facebook.com\/aconteceunovale\" data-width=\"120\" data-layout=\"standard\" data-action=\"like\" data-size=\"small\" data-show-faces=\"true\" data-share=\"true\"><\/div>\n<p><!-- Erro, o An\u00fancio n\u00e3o est\u00e1 dispon\u00edvel neste momento devido \u00e0s restri\u00e7\u00f5es de agendamento\/geolocaliza\u00e7\u00e3o! --><br \/>\n<\/br><\/p>\n","protected":false},"excerpt":{"rendered":"<p>Uma adolescente de 13 anos foi morta na tarde de quarta-feira (15\/05\/2019) na cidade de Nova Serrana, na regi\u00e3o Central de Minas. Segundo informa\u00e7\u00f5es contidas no Boletim de Ocorr\u00eancias, a v\u00edtima Deizzyna Fabr\u00edcia Linda Brandis era natural de Te\u00f3filo Otoni, no Vale do Mucuri. O crime b\u00e1rbaro foi registrado no Bairro Novo Horizonte. Segundo vizinhos, [&hellip;]<\/p>\n","protected":false},"author":1,"featured_media":146944,"comment_status":"open","ping_status":"closed","sticky":false,"template":"","format":"standard","meta":{"amp_status":"","footnotes":""},"categories":[123],"tags":[202248,202246,202250,202251,202249,202247,1515,202245,164],"class_list":["post-148728","post","type-post","status-publish","format-standard","has-post-thumbnail","hentry","category-gerais","tag-adolescente-em-nova-serrana","tag-crime-barbaro-em-nova-serrana","tag-deizzyna-fabricia-brant","tag-deizzyna-fabricia-linda-brandis","tag-morta-pelo-avo-em-nova-serrana","tag-morte-de-adolescente-em-nova-serrana","tag-nova-serrana","tag-policia-investiga-crime-barbaro-registrado-em-nova-serrana","tag-teofilo-otoni"],"_links":{"self":[{"href":"https:\/\/aconteceunovale.com.br\/portal\/index.php?rest_route=\/wp\/v2\/posts\/148728","targetHints":{"allow":["GET"]}}],"collection":[{"href":"https:\/\/aconteceunovale.com.br\/portal\/index.php?rest_route=\/wp\/v2\/posts"}],"about":[{"href":"https:\/\/aconteceunovale.com.br\/portal\/index.php?rest_route=\/wp\/v2\/types\/post"}],"author":[{"embeddable":true,"href":"https:\/\/aconteceunovale.com.br\/portal\/index.php?rest_route=\/wp\/v2\/users\/1"}],"replies":[{"embeddable":true,"href":"https:\/\/aconteceunovale.com.br\/portal\/index.php?rest_route=%2Fwp%2Fv2%2Fcomments&post=148728"}],"version-history":[{"count":0,"href":"https:\/\/aconteceunovale.com.br\/portal\/index.php?rest_route=\/wp\/v2\/posts\/148728\/revisions"}],"wp:featuredmedia":[{"embeddable":true,"href":"https:\/\/aconteceunovale.com.br\/portal\/index.php?rest_route=\/wp\/v2\/media\/146944"}],"wp:attachment":[{"href":"https:\/\/aconteceunovale.com.br\/portal\/index.php?rest_route=%2Fwp%2Fv2%2Fmedia&parent=148728"}],"wp:term":[{"taxonomy":"category","embeddable":true,"href":"https:\/\/aconteceunovale.com.br\/portal\/index.php?rest_route=%2Fwp%2Fv2%2Fcategories&post=148728"},{"taxonomy":"post_tag","embeddable":true,"href":"https:\/\/aconteceunovale.com.br\/portal\/index.php?rest_route=%2Fwp%2Fv2%2Ftags&post=148728"}],"curies":[{"name":"wp","href":"https:\/\/api.w.org\/{rel}","templated":true}]}}