{"id":148718,"date":"2019-05-20T15:49:15","date_gmt":"2019-05-20T17:49:15","guid":{"rendered":"http:\/\/aconteceunovale.com.br\/portal\/?p=148718"},"modified":"2019-05-20T15:49:15","modified_gmt":"2019-05-20T17:49:15","slug":"colisao-entre-carro-e-moto-deixa-uma-pessoa-morta-em-capelinha-no-vale-do-jequitinhonha","status":"publish","type":"post","link":"https:\/\/aconteceunovale.com.br\/portal\/?p=148718","title":{"rendered":"Colis\u00e3o entre carro e moto deixa uma pessoa morta em Capelinha, no Vale do Jequitinhonha"},"content":{"rendered":"<p>Um homem de 60 anos morreu em um grave acidente na Avenida Tico Neves (Anel Rodovi\u00e1rio), em Capelinha (MG), na manh\u00e3 de domingo (19\/05\/2019). Segundo informa\u00e7\u00f5es da Pol\u00edcia Militar, por volta das 5h, o condutor de um ve\u00edculo Fiat Uno perdeu o controle da dire\u00e7\u00e3o, invadiu a contram\u00e3o e colidiu contra uma motocicleta no trecho pr\u00f3ximo ao Caf\u00e9 Gema de Minas. Uma equipe do Servi\u00e7o de Atendimento M\u00f3vel de Urg\u00eancia (SAMU) esteve no local e constatou o \u00f3bito de Geraldo Alves Sampaio.<br \/>\n<center><br \/>\n<!-- Erro, o An\u00fancio n\u00e3o est\u00e1 dispon\u00edvel neste momento devido \u00e0s restri\u00e7\u00f5es de agendamento\/geolocaliza\u00e7\u00e3o! --><br \/>\n<\/br><br \/>\n<\/center><br \/>\nO condutor do autom\u00f3vel, de 35 anos, foi socorrido pelo Samu e encaminhado ao Hospital S\u00e3o Vicente de Capelinha, em Capelinha. Ele passou por exames e, segundo a PM, n\u00e3o foi identificado sinais de embriaguez.<\/p>\n<p>O corpo de Geraldo Alves Sampaio foi encaminhado ao Posto M\u00e9dico Legal (IML) de Capelinha e, ap\u00f3s exames, liberado aos familiares para vel\u00f3rio e sepultamento. As causas do acidente ser\u00e3o investigadas.<\/p>\n<p><em>Leandro Silva | Aconteceu no Vale<br \/>\nPublicado em: 20\/05\/2019, \u00e0s 14h45<\/em><\/p>\n<p><strong>VER PRIMEIRO<\/strong><\/p>\n<p>Receba as not\u00edcias do Aconteceu no Vale em primeira m\u00e3o. Clique em curtir no endere\u00e7o <a href=\"https:\/\/www.facebook.com\/aconteceunovale\" target=\"_blank\"><font color=\"red\">www.facebook.com\/aconteceunovale<\/font><\/a> ou no box abaixo:<\/p>\n<div class=\"fb-like\" data-href=\"https:\/\/www.facebook.com\/aconteceunovale\" data-width=\"120\" data-layout=\"standard\" data-action=\"like\" data-size=\"small\" data-show-faces=\"true\" data-share=\"true\"><\/div>\n<p><!-- Erro, o An\u00fancio n\u00e3o est\u00e1 dispon\u00edvel neste momento devido \u00e0s restri\u00e7\u00f5es de agendamento\/geolocaliza\u00e7\u00e3o! --><br \/>\n<\/br><\/p>\n","protected":false},"excerpt":{"rendered":"<p>Um homem de 60 anos morreu em um grave acidente na Avenida Tico Neves (Anel Rodovi\u00e1rio), em Capelinha (MG), na manh\u00e3 de domingo (19\/05\/2019). Segundo informa\u00e7\u00f5es da Pol\u00edcia Militar, por volta das 5h, o condutor de um ve\u00edculo Fiat Uno perdeu o controle da dire\u00e7\u00e3o, invadiu a contram\u00e3o e colidiu contra uma motocicleta no trecho [&hellip;]<\/p>\n","protected":false},"author":1,"featured_media":71442,"comment_status":"open","ping_status":"closed","sticky":false,"template":"","format":"standard","meta":{"amp_status":"","footnotes":""},"categories":[120],"tags":[202232,156148,4598,146425,132,202230,202231,202233,541],"class_list":["post-148718","post","type-post","status-publish","format-standard","has-post-thumbnail","hentry","category-jequi","tag-acidente-com-morte-em-capelinha","tag-acidente-de-transito-em-capelinha","tag-acidente-em-capelinha","tag-acidente-entre-carro-e-moto-em-capelinha","tag-capelinha","tag-colisao-entre-carro-e-moto-deixa-uma-pessoa-morta-em-capelinha","tag-colisao-entre-carro-e-moto-deixa-uma-pessoa-morta-em-capelinha-no-vale-do-jequitinhonha","tag-geraldo-alves-sampaio","tag-no-vale-do-jequitinhonha"],"_links":{"self":[{"href":"https:\/\/aconteceunovale.com.br\/portal\/index.php?rest_route=\/wp\/v2\/posts\/148718","targetHints":{"allow":["GET"]}}],"collection":[{"href":"https:\/\/aconteceunovale.com.br\/portal\/index.php?rest_route=\/wp\/v2\/posts"}],"about":[{"href":"https:\/\/aconteceunovale.com.br\/portal\/index.php?rest_route=\/wp\/v2\/types\/post"}],"author":[{"embeddable":true,"href":"https:\/\/aconteceunovale.com.br\/portal\/index.php?rest_route=\/wp\/v2\/users\/1"}],"replies":[{"embeddable":true,"href":"https:\/\/aconteceunovale.com.br\/portal\/index.php?rest_route=%2Fwp%2Fv2%2Fcomments&post=148718"}],"version-history":[{"count":0,"href":"https:\/\/aconteceunovale.com.br\/portal\/index.php?rest_route=\/wp\/v2\/posts\/148718\/revisions"}],"wp:featuredmedia":[{"embeddable":true,"href":"https:\/\/aconteceunovale.com.br\/portal\/index.php?rest_route=\/wp\/v2\/media\/71442"}],"wp:attachment":[{"href":"https:\/\/aconteceunovale.com.br\/portal\/index.php?rest_route=%2Fwp%2Fv2%2Fmedia&parent=148718"}],"wp:term":[{"taxonomy":"category","embeddable":true,"href":"https:\/\/aconteceunovale.com.br\/portal\/index.php?rest_route=%2Fwp%2Fv2%2Fcategories&post=148718"},{"taxonomy":"post_tag","embeddable":true,"href":"https:\/\/aconteceunovale.com.br\/portal\/index.php?rest_route=%2Fwp%2Fv2%2Ftags&post=148718"}],"curies":[{"name":"wp","href":"https:\/\/api.w.org\/{rel}","templated":true}]}}