{"id":148716,"date":"2019-05-20T15:25:44","date_gmt":"2019-05-20T17:25:44","guid":{"rendered":"http:\/\/aconteceunovale.com.br\/portal\/?p=148716"},"modified":"2019-05-20T15:25:44","modified_gmt":"2019-05-20T17:25:44","slug":"homem-e-assassinado-em-diamantina-no-vale-do-jequitinhonha","status":"publish","type":"post","link":"https:\/\/aconteceunovale.com.br\/portal\/?p=148716","title":{"rendered":"Homem \u00e9 assassinado em Diamantina, no Vale do Jequitinhonha"},"content":{"rendered":"<p>Um homem de 49 anos foi assassinado no Bairro Vila Oper\u00e1ria, em Diamantina (MG), na tarde de domingo (19\/05\/2019). Jairo Collins de Oliveira foi encontrado sem sinais vitais. Socorristas do Corpo de Bombeiros e do Servi\u00e7o de Atendimento M\u00f3vel de Urg\u00eancia compareceram ao local do crime e constataram o \u00f3bito.<br \/>\n<center><br \/>\n<!-- Erro, o An\u00fancio n\u00e3o est\u00e1 dispon\u00edvel neste momento devido \u00e0s restri\u00e7\u00f5es de agendamento\/geolocaliza\u00e7\u00e3o! --><br \/>\n<\/br><br \/>\n<\/center><br \/>\nSegundo informa\u00e7\u00f5es da Pol\u00edcia Militar (PM), no momento da chegada ao local, policiais notaram um homem, identificado pelas iniciais J.M.M.P.F, de 30 anos, fechando um bar \u00e0s pressas e correndo sentido a uma casa. <\/p>\n<p>Os militares desconfiaram da situa\u00e7\u00e3o e foram at\u00e9 o im\u00f3vel, onde foram atendidos pela esposa do suspeito. A mulher disse que o marido entrou na resid\u00eancia e saiu correndo para uma mata. At\u00e9 o momento ningu\u00e9m foi preso.<\/p>\n<p>Ainda segundo a PM, a v\u00edtima possu\u00eda ocorr\u00eancias como autor de amea\u00e7as ao principal suspeito de autoria do crime.  O corpo foi encaminhado ao Instituto M\u00e9dico Legal (IML) de Diamantina e o caso ser\u00e1 investigado pela Pol\u00edcia Civil.<\/p>\n<p><em>Leandro Silva | Aconteceu no Vale<br \/>\nPublicado em: 20\/05\/2019, \u00e0s 14h24<\/em><\/p>\n<p><strong>VER PRIMEIRO<\/strong><\/p>\n<p>Receba as not\u00edcias do Aconteceu no Vale em primeira m\u00e3o. Clique em curtir no endere\u00e7o <a href=\"https:\/\/www.facebook.com\/aconteceunovale\" target=\"_blank\"><font color=\"red\">www.facebook.com\/aconteceunovale<\/font><\/a> ou no box abaixo:<\/p>\n<div class=\"fb-like\" data-href=\"https:\/\/www.facebook.com\/aconteceunovale\" data-width=\"120\" data-layout=\"standard\" data-action=\"like\" data-size=\"small\" data-show-faces=\"true\" data-share=\"true\"><\/div>\n<p><!-- Erro, o An\u00fancio n\u00e3o est\u00e1 dispon\u00edvel neste momento devido \u00e0s restri\u00e7\u00f5es de agendamento\/geolocaliza\u00e7\u00e3o! --><br \/>\n<\/br><\/p>\n","protected":false},"excerpt":{"rendered":"<p>Um homem de 49 anos foi assassinado no Bairro Vila Oper\u00e1ria, em Diamantina (MG), na tarde de domingo (19\/05\/2019). Jairo Collins de Oliveira foi encontrado sem sinais vitais. Socorristas do Corpo de Bombeiros e do Servi\u00e7o de Atendimento M\u00f3vel de Urg\u00eancia compareceram ao local do crime e constataram o \u00f3bito. Segundo informa\u00e7\u00f5es da Pol\u00edcia Militar [&hellip;]<\/p>\n","protected":false},"author":1,"featured_media":72743,"comment_status":"open","ping_status":"closed","sticky":false,"template":"","format":"standard","meta":{"amp_status":"","footnotes":""},"categories":[120],"tags":[45054,198,202227,202228,35791,28628,202229,28631,541],"class_list":["post-148716","post","type-post","status-publish","format-standard","has-post-thumbnail","hentry","category-jequi","tag-assassinado-em-diamantina","tag-diamantina","tag-homem-e-assassinado-em-diamantina","tag-homem-e-assassinado-em-diamantina-no-vale-do-jequitinhonha","tag-homem-morto-em-diamantina","tag-homicidio-em-diamantina","tag-jairo-collins-de-oliveira","tag-morte-em-diamantina","tag-no-vale-do-jequitinhonha"],"_links":{"self":[{"href":"https:\/\/aconteceunovale.com.br\/portal\/index.php?rest_route=\/wp\/v2\/posts\/148716","targetHints":{"allow":["GET"]}}],"collection":[{"href":"https:\/\/aconteceunovale.com.br\/portal\/index.php?rest_route=\/wp\/v2\/posts"}],"about":[{"href":"https:\/\/aconteceunovale.com.br\/portal\/index.php?rest_route=\/wp\/v2\/types\/post"}],"author":[{"embeddable":true,"href":"https:\/\/aconteceunovale.com.br\/portal\/index.php?rest_route=\/wp\/v2\/users\/1"}],"replies":[{"embeddable":true,"href":"https:\/\/aconteceunovale.com.br\/portal\/index.php?rest_route=%2Fwp%2Fv2%2Fcomments&post=148716"}],"version-history":[{"count":0,"href":"https:\/\/aconteceunovale.com.br\/portal\/index.php?rest_route=\/wp\/v2\/posts\/148716\/revisions"}],"wp:featuredmedia":[{"embeddable":true,"href":"https:\/\/aconteceunovale.com.br\/portal\/index.php?rest_route=\/wp\/v2\/media\/72743"}],"wp:attachment":[{"href":"https:\/\/aconteceunovale.com.br\/portal\/index.php?rest_route=%2Fwp%2Fv2%2Fmedia&parent=148716"}],"wp:term":[{"taxonomy":"category","embeddable":true,"href":"https:\/\/aconteceunovale.com.br\/portal\/index.php?rest_route=%2Fwp%2Fv2%2Fcategories&post=148716"},{"taxonomy":"post_tag","embeddable":true,"href":"https:\/\/aconteceunovale.com.br\/portal\/index.php?rest_route=%2Fwp%2Fv2%2Ftags&post=148716"}],"curies":[{"name":"wp","href":"https:\/\/api.w.org\/{rel}","templated":true}]}}