{"id":148713,"date":"2019-05-20T12:16:14","date_gmt":"2019-05-20T14:16:14","guid":{"rendered":"http:\/\/aconteceunovale.com.br\/portal\/?p=148713"},"modified":"2019-05-20T15:09:09","modified_gmt":"2019-05-20T17:09:09","slug":"sancionada-lei-que-determina-gps-em-ambulancias-e-viaturas","status":"publish","type":"post","link":"https:\/\/aconteceunovale.com.br\/portal\/?p=148713","title":{"rendered":"Sancionada lei que determina GPS em ambul\u00e2ncias e viaturas"},"content":{"rendered":"<p>A Lei 23.303, que determina que os ve\u00edculos destinados ao servi\u00e7o de seguran\u00e7a e sa\u00fade p\u00fablicas do Estado sejam equipados com dispositivo que permita sua geolocaliza\u00e7\u00e3o (GPS), foi publicada no Di\u00e1rio Oficial do Estado do \u00faltimo s\u00e1bado (18\/5\/19). O governador Romeu Zema (Novo) sancionou a norma depois de ter seu veto derrubado na Assembleia Legislativa de Minas Gerais (ALMG).<br \/>\n<center><br \/>\n<!-- Erro, o An\u00fancio n\u00e3o est\u00e1 dispon\u00edvel neste momento devido \u00e0s restri\u00e7\u00f5es de agendamento\/geolocaliza\u00e7\u00e3o! --><br \/>\n<\/br><br \/>\n<\/center><br \/>\nO texto tramitou na Casa Legislativa como o Projeto de Lei (PL) 523\/15, de autoria do deputado Celinho Sintrocel (PCdoB), mas, depois de aprovado pelos parlamentares, foi vetado integralmente pelo governador. A justificativa \u00e9 de que o Estado est\u00e1 em crise fiscal e n\u00e3o poderia arcar com os custos da proposta.<\/p>\n<p>Na \u00faltima semana, por\u00e9m, os parlamentares derrubaram o veto do governador sob a argumenta\u00e7\u00e3o de que a medida est\u00e1 vinculada \u00e0 exist\u00eancia de dota\u00e7\u00e3o or\u00e7ament\u00e1ria.<\/p>\n<p>Houve tamb\u00e9m quem lembrou que o programa eleitoral do atual governador continha essa proposta. Outra raz\u00e3o apresentada para a rejei\u00e7\u00e3o do veto \u00e9 que a instala\u00e7\u00e3o de GPS nos ve\u00edculos pode gerar economia a m\u00e9dio prazo, j\u00e1 que o equipamento gera descontos nos seguros.<\/p>\n<p><strong>VER PRIMEIRO<\/strong><\/p>\n<p>Receba as not\u00edcias do Aconteceu no Vale em primeira m\u00e3o. Clique em curtir no endere\u00e7o <a href=\"https:\/\/www.facebook.com\/aconteceunovale\" target=\"_blank\"><font color=\"red\">www.facebook.com\/aconteceunovale<\/font><\/a> ou no box abaixo:<\/p>\n<div class=\"fb-like\" data-href=\"https:\/\/www.facebook.com\/aconteceunovale\" data-width=\"120\" data-layout=\"standard\" data-action=\"like\" data-size=\"small\" data-show-faces=\"true\" data-share=\"true\"><\/div>\n<p><!-- Erro, o An\u00fancio n\u00e3o est\u00e1 dispon\u00edvel neste momento devido \u00e0s restri\u00e7\u00f5es de agendamento\/geolocaliza\u00e7\u00e3o! --><br \/>\n<\/br><\/p>\n<p><em>(Fonte: ALMG)<\/em><\/p>\n","protected":false},"excerpt":{"rendered":"<p>A Lei 23.303, que determina que os ve\u00edculos destinados ao servi\u00e7o de seguran\u00e7a e sa\u00fade p\u00fablicas do Estado sejam equipados com dispositivo que permita sua geolocaliza\u00e7\u00e3o (GPS), foi publicada no Di\u00e1rio Oficial do Estado do \u00faltimo s\u00e1bado (18\/5\/19). O governador Romeu Zema (Novo) sancionou a norma depois de ter seu veto derrubado na Assembleia Legislativa [&hellip;]<\/p>\n","protected":false},"author":1,"featured_media":108536,"comment_status":"open","ping_status":"closed","sticky":false,"template":"","format":"standard","meta":{"amp_status":"","footnotes":""},"categories":[123],"tags":[752,202224,202225,202226,202223,202222,178207,202220,202221],"class_list":["post-148713","post","type-post","status-publish","format-standard","has-post-thumbnail","hentry","category-gerais","tag-almg","tag-dispositivo-que-permita-sua-geolocalizacao","tag-dispositivo-que-permita-sua-geolocalizacao-em-ambulancias","tag-dispositivo-que-permita-sua-geolocalizacao-em-viaturas","tag-gps-em-ambulancias","tag-gps-em-viaturas","tag-romeu-zema","tag-sancionada-lei-que-determina-gps-em-ambulancias-e-viaturas","tag-sancionada-lei-que-determina-gps-em-ambulancias-e-viaturas-em-minas"],"_links":{"self":[{"href":"https:\/\/aconteceunovale.com.br\/portal\/index.php?rest_route=\/wp\/v2\/posts\/148713","targetHints":{"allow":["GET"]}}],"collection":[{"href":"https:\/\/aconteceunovale.com.br\/portal\/index.php?rest_route=\/wp\/v2\/posts"}],"about":[{"href":"https:\/\/aconteceunovale.com.br\/portal\/index.php?rest_route=\/wp\/v2\/types\/post"}],"author":[{"embeddable":true,"href":"https:\/\/aconteceunovale.com.br\/portal\/index.php?rest_route=\/wp\/v2\/users\/1"}],"replies":[{"embeddable":true,"href":"https:\/\/aconteceunovale.com.br\/portal\/index.php?rest_route=%2Fwp%2Fv2%2Fcomments&post=148713"}],"version-history":[{"count":0,"href":"https:\/\/aconteceunovale.com.br\/portal\/index.php?rest_route=\/wp\/v2\/posts\/148713\/revisions"}],"wp:featuredmedia":[{"embeddable":true,"href":"https:\/\/aconteceunovale.com.br\/portal\/index.php?rest_route=\/wp\/v2\/media\/108536"}],"wp:attachment":[{"href":"https:\/\/aconteceunovale.com.br\/portal\/index.php?rest_route=%2Fwp%2Fv2%2Fmedia&parent=148713"}],"wp:term":[{"taxonomy":"category","embeddable":true,"href":"https:\/\/aconteceunovale.com.br\/portal\/index.php?rest_route=%2Fwp%2Fv2%2Fcategories&post=148713"},{"taxonomy":"post_tag","embeddable":true,"href":"https:\/\/aconteceunovale.com.br\/portal\/index.php?rest_route=%2Fwp%2Fv2%2Ftags&post=148713"}],"curies":[{"name":"wp","href":"https:\/\/api.w.org\/{rel}","templated":true}]}}